{"id":1130,"date":"2016-09-20T15:33:53","date_gmt":"2016-09-20T13:33:53","guid":{"rendered":"https:\/\/ambalgeri.esteri.it\/news\/dall_ambasciata\/2016\/09\/il-primo-ministro-algerino-abdelmalek-2\/"},"modified":"2016-09-20T15:33:53","modified_gmt":"2016-09-20T13:33:53","slug":"il-primo-ministro-algerino-abdelmalek-2","status":"publish","type":"post","link":"https:\/\/ambalgeri.esteri.it\/fr\/news\/dall_ambasciata\/2016\/09\/il-primo-ministro-algerino-abdelmalek-2\/","title":{"rendered":"Le Premier Ministre Alg\u00e9rien, S.E.M. Abdelmalek Sellal, a sign\u00e9 lundi 19 septembre au si\u00e8ge de l&#8217;Ambassade d&#8217;Italie \u00e0 Alger, au nom du pr\u00e9sident de la R\u00e9publique, Abdelaziz Bouteflika, le registre de condol\u00e9ances suite au d\u00e9c\u00e8s du S\u00e9nateur Carlo Azeglio Ciampi, Pr\u00e9sident Em\u00e9rite de la R\u00e9publique."},"content":{"rendered":"<p>Voici le message que le Premier Ministre Alg\u00e9rien, S.E.M. Abdelmalek Sellal, a \u00e9crit dans le registre de condol\u00e9ance ouvert par l\u2019Ambassade d\u2019Italie \u00e0 l\u2019occasion des fun\u00e9railles du S\u00e9nateur Carlo Azeglio Ciampi, Pr\u00e9sident Em\u00e9rite de la R\u00e9publique :<\/p>\n<p>\u201cC&#8217;est avec une profonde tristesse et une grande peine que j&#8217;ai appris la nouvelle du d\u00e9c\u00e8s de l&#8217;ancien pr\u00e9sident de la R\u00e9publique italienne, Carlo Azeglio Ciampi.<br \/>Le peuple alg\u00e9rien qui s&#8217;associe \u00e0 la douleur du peuple italien ami, n&#8217;oubliera pas l&#8217;apport ind\u00e9niable du regrett\u00e9 \u00e0 la consolidation et au raffermissement des liens d&#8217;amiti\u00e9 et de coop\u00e9ration entre les peuples alg\u00e9rien et italien.<br \/>Nous nous rem\u00e9morons aussi la visite d&#8217;Etat qu&#8217;a effectu\u00e9e le d\u00e9funt en Alg\u00e9rie en 2003, couronn\u00e9e par la signature du Trait\u00e9 d&#8217;Amiti\u00e9, de Bon Voisinage et de Coop\u00e9ration, unissant les deux pays.<br \/>Avec sa disparition, l&#8217;Italie perd un grand homme de valeur qui par ses comp\u00e9tences et son haut sens de la responsabilit\u00e9, a su se mettre au service de sa patrie, en occupant les plus hautes charges de l&#8217;Etat et gagner la confiance du peuple italien.<br \/>En cette douloureuse circonstance o\u00f9 nous perdons un des symboles de l&#8217;amiti\u00e9 alg\u00e9ro-italienne, je voudrais vous pr\u00e9senter ainsi qu&#8217;\u00e0 la famille du d\u00e9funt, au nom de son Excellence Monsieur le Pr\u00e9sident de la R\u00e9publique, Abdelaziz Bouteflika, du Gouvernement et du peuple alg\u00e9riens et en mon nom personnel, nos condol\u00e9ances les plus attrist\u00e9es et vous exprimer nos sentiments de compassion et de sympathie&#8221;.<\/p>\n","protected":false},"excerpt":{"rendered":"Voici le message que le Premier Ministre Alg\u00e9rien, S.E.M. Abdelmalek Sellal, a \u00e9crit dans le registre de condol\u00e9ance ouvert par l\u2019Ambassade d\u2019Italie \u00e0 l\u2019occasion des fun\u00e9railles du S\u00e9nateur Carlo Azeglio Ciampi, Pr\u00e9sident Em\u00e9rite de la R\u00e9publique : \u201cC&#8217;est avec une profonde tristesse et une grande peine que j&#8217;ai appris la nouvelle du d\u00e9c\u00e8s de l&#8217;ancien [&hellip;]","protected":false},"author":1,"featured_media":0,"comment_status":"","ping_status":"","sticky":false,"template":"","format":"standard","meta":{"footnotes":""},"tags":[],"class_list":["post-1130","post","type-post","status-publish","format-standard","hentry"],"_links":{"self":[{"href":"https:\/\/ambalgeri.esteri.it\/fr\/wp-json\/wp\/v2\/posts\/1130","targetHints":{"allow":["GET"]}}],"collection":[{"href":"https:\/\/ambalgeri.esteri.it\/fr\/wp-json\/wp\/v2\/posts"}],"about":[{"href":"https:\/\/ambalgeri.esteri.it\/fr\/wp-json\/wp\/v2\/types\/post"}],"author":[{"embeddable":true,"href":"https:\/\/ambalgeri.esteri.it\/fr\/wp-json\/wp\/v2\/users\/1"}],"replies":[{"embeddable":true,"href":"https:\/\/ambalgeri.esteri.it\/fr\/wp-json\/wp\/v2\/comments?post=1130"}],"version-history":[{"count":0,"href":"https:\/\/ambalgeri.esteri.it\/fr\/wp-json\/wp\/v2\/posts\/1130\/revisions"}],"wp:attachment":[{"href":"https:\/\/ambalgeri.esteri.it\/fr\/wp-json\/wp\/v2\/media?parent=1130"}],"wp:term":[{"taxonomy":"post_tag","embeddable":true,"href":"https:\/\/ambalgeri.esteri.it\/fr\/wp-json\/wp\/v2\/tags?post=1130"}],"curies":[{"name":"wp","href":"https:\/\/api.w.org\/{rel}","templated":true}]}}