{"id":1135,"date":"2016-09-08T19:06:03","date_gmt":"2016-09-08T17:06:03","guid":{"rendered":"https:\/\/ambalgeri.esteri.it\/news\/dall_ambasciata\/2016\/09\/rimpatrio-sanitario-di-una-bimba-2\/"},"modified":"2016-09-08T19:06:03","modified_gmt":"2016-09-08T17:06:03","slug":"rimpatrio-sanitario-di-una-bimba-2","status":"publish","type":"post","link":"https:\/\/ambalgeri.esteri.it\/fr\/news\/dall_ambasciata\/2016\/09\/rimpatrio-sanitario-di-una-bimba-2\/","title":{"rendered":"Engagement du Minist\u00e8re italien des Affaires Etrang\u00e8res et de la Coop\u00e9ration Internationale et de l\u2019Ambassade d\u2019Italie \u00e0 Alger pour le rapatriement d&#8217;une enfant italienne."},"content":{"rendered":"<p>Cette nuit, gr\u00e2ce \u00e0 l\u2019engagement coordonn\u00e9 du Minist\u00e8re des Affaires Etrang\u00e8res et de la Coop\u00e9ration Internationale, de l&#8217;Ambassade d&#8217;Italie en Alg\u00e9rie, et de toutes les institutions comp\u00e9tentes un rapatriement sanitaire d&#8217;urgence a \u00e9t\u00e9 effectu\u00e9 en faveur d&#8217;une enfant italienne qui se trouvait dans un \u00e9tat de sant\u00e9 tr\u00e8s grave. La petite fille, accompagn\u00e9e de sa m\u00e8re et de ses deux s\u0153urs, a atterri peu apr\u00e8s minuit \u00e0 Florence, provenant d&#8217;Alger, \u00e0 bord d&#8217;un Falcon 900 de l\u2019A\u00e9ronautique Militaire (AM) 31\u00b0 Stormo de Ciampino. L&#8217;enfant a \u00e9t\u00e9 imm\u00e9diatement admise \u00e0 l&#8217;h\u00f4pital Meyer de Florence, le centre d&#8217;excellence pour la m\u00e9decine p\u00e9diatrique, o\u00f9 elle sera prise en charge par l&#8217;\u00e9quipe du service de neurochirurgie p\u00e9diatrique.<br \/>Atteinte d\u2019un malaise soudain vendredi dernier \u00e0 Alger, o\u00f9 elle \u00e9tait en vacances avec la famille, l&#8217;enfant a \u00e9t\u00e9 admise aupr\u00e8s d\u2019une structure hospitali\u00e8re locale o\u00f9 lui a \u00e9t\u00e9 diagnostiqu\u00e9e une h\u00e9morragie c\u00e9r\u00e9brale caus\u00e9e par une malformation vasculaire cong\u00e9nitale, jusque-l\u00e0 asymptomatique. La petite aurait d\u00fb \u00eatre soumise \u00e0 une op\u00e9ration chirurgicale d\u00e9licate qui, ne pouvant pas \u00eatre r\u00e9alis\u00e9e sur place, ne laissait que l\u2019unique possibilit\u00e9 du retour en Italie, cependant, possible uniquement sur une ambulance a\u00e9rienne.<br \/>En l&#8217;absence d&#8217;une assurance-maladie et dans l&#8217;incapacit\u00e9 absolue de supporter la charge d&#8217;un rapatriement sanitaire priv\u00e9, les parents se sont tourn\u00e9s vers l&#8217;Ambassade d&#8217;Italie \u00e0 Alger qui a imm\u00e9diatement pr\u00eat\u00e9 toute l&#8217;assistance n\u00e9cessaire.<br \/>Le Minist\u00e8re des Affaires Etrang\u00e8res et de la Coop\u00e9ration Internationale s\u2019est imm\u00e9diatement activ\u00e9 pour assurer une rapide coordination des Institutions comp\u00e9tentes, en contactant le Service des Vols d\u2019Etat de la Pr\u00e9sidence du Conseil, la Pr\u00e9fecture de Florence, le 118 et l&#8217;h\u00f4pital Meyer de Florence, se rendant imm\u00e9diatement disponible pour aider la petite patiente. Gr\u00e2ce \u00e0 la grande disponibilit\u00e9 de toutes les institutions italiennes concern\u00e9es et des Autorit\u00e9s alg\u00e9riennes, il a \u00e9t\u00e9 possible d&#8217;organiser, en quelques petites heures, le vol humanitaire d&#8217;urgence qui a ramen\u00e9 la petite fille en Italie.<\/p>\n","protected":false},"excerpt":{"rendered":"Cette nuit, gr\u00e2ce \u00e0 l\u2019engagement coordonn\u00e9 du Minist\u00e8re des Affaires Etrang\u00e8res et de la Coop\u00e9ration Internationale, de l&#8217;Ambassade d&#8217;Italie en Alg\u00e9rie, et de toutes les institutions comp\u00e9tentes un rapatriement sanitaire d&#8217;urgence a \u00e9t\u00e9 effectu\u00e9 en faveur d&#8217;une enfant italienne qui se trouvait dans un \u00e9tat de sant\u00e9 tr\u00e8s grave. La petite fille, accompagn\u00e9e de sa [&hellip;]","protected":false},"author":1,"featured_media":0,"comment_status":"","ping_status":"","sticky":false,"template":"","format":"standard","meta":{"footnotes":""},"tags":[],"class_list":["post-1135","post","type-post","status-publish","format-standard","hentry"],"_links":{"self":[{"href":"https:\/\/ambalgeri.esteri.it\/fr\/wp-json\/wp\/v2\/posts\/1135","targetHints":{"allow":["GET"]}}],"collection":[{"href":"https:\/\/ambalgeri.esteri.it\/fr\/wp-json\/wp\/v2\/posts"}],"about":[{"href":"https:\/\/ambalgeri.esteri.it\/fr\/wp-json\/wp\/v2\/types\/post"}],"author":[{"embeddable":true,"href":"https:\/\/ambalgeri.esteri.it\/fr\/wp-json\/wp\/v2\/users\/1"}],"replies":[{"embeddable":true,"href":"https:\/\/ambalgeri.esteri.it\/fr\/wp-json\/wp\/v2\/comments?post=1135"}],"version-history":[{"count":0,"href":"https:\/\/ambalgeri.esteri.it\/fr\/wp-json\/wp\/v2\/posts\/1135\/revisions"}],"wp:attachment":[{"href":"https:\/\/ambalgeri.esteri.it\/fr\/wp-json\/wp\/v2\/media?parent=1135"}],"wp:term":[{"taxonomy":"post_tag","embeddable":true,"href":"https:\/\/ambalgeri.esteri.it\/fr\/wp-json\/wp\/v2\/tags?post=1135"}],"curies":[{"name":"wp","href":"https:\/\/api.w.org\/{rel}","templated":true}]}}