{"id":1142,"date":"2016-06-16T17:17:22","date_gmt":"2016-06-16T15:17:22","guid":{"rendered":"https:\/\/ambalgeri.esteri.it\/news\/dall_ambasciata\/2016\/06\/avviso-d-asta-per-la-vendita-di-2\/"},"modified":"2016-06-16T17:17:22","modified_gmt":"2016-06-16T15:17:22","slug":"avviso-d-asta-per-la-vendita-di-2","status":"publish","type":"post","link":"https:\/\/ambalgeri.esteri.it\/fr\/news\/dall_ambasciata\/2016\/06\/avviso-d-asta-per-la-vendita-di-2\/","title":{"rendered":"APPEL D\u2019OFFRES pour la vente d\u2019un complexe immobilier   appartenant \u00e0 l\u2019Etat italien situ\u00e9 dans un quartier central de Tanger  (Maroc)"},"content":{"rendered":"<p>MINIST\u00c8RE DES AFFAIRES \u00c9TRANG\u00c8RES<br \/>ET DE LA COOP\u00c9RATION INTERNATIONALE<br \/>CONSULAT GENERAL D\u2019ITALIE<br \/>CASABLANCA<\/p>\n<p>APPEL D\u2019OFFRES<\/p>\n<p>pour la vente d\u2019un complexe immobilier<br \/>appartenant \u00e0 l\u2019Etat italien<br \/>situ\u00e9 dans un quartier central de Tanger,<br \/>35, rue Assad Ibn Al Forat (ex rue Garibaldi),<br \/>Quartier Marchan,<\/p>\n<p>compos\u00e9 d\u2019un terrain avec deux b\u00e2timents principaux construits vers la moiti\u00e9 du 19\u00e8me si\u00e8cle: environ 5.616 m\u00e8tres carr\u00e9s de terrain, surface \u00e9difi\u00e9e environ 1.640 m\u00e8tres carr\u00e9s r\u00e9partis entre deux b\u00e2timents principaux et deux d\u00e9pendances.<\/p>\n<p>Pour la consultation compl\u00e8te de l\u2019annonce:<br \/><a href=\"http:\/\/www.conscasablanca.esteri.it\">www.conscasablanca.esteri.it<\/a><\/p>\n<p>Date limite: 22\/07\/2016<\/p>\n<p>\u0648\u0632\u0627\u0631\u0629 \u0627\u0644\u0634\u0624\u0648\u0646 \u0627\u0644\u062e\u0627\u0631\u062c\u064a\u0629 \u0648\u0627\u0644\u062a\u0639\u0627\u0648\u0646 \u0627\u0644\u062f\u0648\u0644\u064a<br \/>\u0627\u0644\u0642\u0646\u0635\u0644\u064a\u0629 \u0627\u0644\u0639\u0627\u0645\u0629 \u0627\u0644\u0625\u064a\u0637\u0627\u0644\u064a\u0629 \u0628\u0627\u0644\u062f\u0627\u0631\u0627\u0644\u0628\u064a\u0636\u0627\u0621<\/p>\n<p>\u0625\u0634\u0639\u0627\u0631 \u0628\u064a\u0639 \u0628\u0627\u0644\u0645\u0632\u0627\u062f<br \/>\u0628\u064a\u0639 \u0645\u0631\u0643\u0628 \u0639\u0642\u0627\u0631\u064a \u0641\u064a \u0645\u0644\u0643\u064a\u0629 \u0627\u0644\u062f\u0648\u0644\u0629 \u0627\u0644\u0625\u064a\u0637\u0627\u0644\u064a\u0629<br \/>\u0627\u0644\u0643\u0627\u0626\u0646 \u0628\u0640\u0632\u0646\u0642\u0629 \u0623\u0633\u062f \u0627\u0628\u0646 \u0627\u0644\u0641\u0631\u0627\u062a (\u0633\u0627\u0628\u0642\u0627 \u0632\u0646\u0642\u0629 \u0643\u0627\u0631\u064a\u0628\u0627\u0644\u062f\u064a) \u0631\u0642\u0645 35<br \/>\u062d\u064a \u0645\u0627\u0631\u0634\u0627\u0646 \u2013 \u0637\u0646\u062c\u0629<\/p>\n<p>\u064a\u062a\u0643\u0648\u0646 \u0627\u0644\u0639\u0642\u0627\u0631 \u0645\u0646 \u0623\u0631\u0636 \u0628\u0647\u0627 \u0628\u0646\u0627\u064a\u062a\u064a\u0646 \u0623\u0633\u0627\u0633\u064a\u062a\u064a\u0646\u060c \u0628\u0646\u064a\u062a \u0641\u064a \u0645\u0646\u062a\u0635\u0641 \u0627\u0644\u0642\u0631\u0646 \u0627\u0644\u062a\u0627\u0633\u0639 \u0639\u0634\u0631:\u0627\u0644\u0645\u0633\u0627\u062d\u0629 \u0627\u0644\u0639\u0627\u0631\u064a\u0629: 5.616 \u0645\u062a\u0631 \u0645\u0631\u0628\u0639 \u062a\u0642\u0631\u064a\u0628\u0627 \u0627\u0644\u0645\u0633\u0627\u062d\u0629 \u0627\u0644\u0645\u063a\u0637\u0627\u0629: 1.640 \u0645\u062a\u0631 \u0645\u0631\u0628\u0639 \u062a\u0642\u0631\u064a\u0628\u0627 \u0645\u062a\u0643\u0648\u0646\u0629 \u0645\u0646 \u0628\u0646\u0627\u064a\u062a\u064a\u0646 \u0623\u0633\u0627\u0633\u064a\u062a\u064a\u0646 \u0648\u0645\u0631\u0627\u0641\u0642 \u0639\u062f\u062f\u0647\u0627 2.<\/p>\n<p>\u0644\u0644\u0627\u0637\u0644\u0627\u0639 \u0639\u0644\u0649 \u0634\u0631\u0648\u0637 \u0627\u0644\u0645\u0632\u0627\u062f\u060c \u0632\u0648\u0631\u0648\u0627 \u0627\u0644\u0645\u0648\u0642\u0639 \u0627\u0644\u0627\u0644\u064a\u0643\u062a\u0631\u0648\u0646\u064a : <a href=\"http:\/\/www.conscasablanca.esteri.it\">www.conscasablanca.esteri.it<\/a><\/p>\n<p>\u0623\u062e\u0631 \u0623\u062c\u0644 \u0644\u062a\u0642\u062f\u064a\u0645 \u0627\u0644\u0639\u0631\u0648\u0636: 22\/07\/2016<\/p>\n","protected":false},"excerpt":{"rendered":"MINIST\u00c8RE DES AFFAIRES \u00c9TRANG\u00c8RESET DE LA COOP\u00c9RATION INTERNATIONALECONSULAT GENERAL D\u2019ITALIECASABLANCA APPEL D\u2019OFFRES pour la vente d\u2019un complexe immobilierappartenant \u00e0 l\u2019Etat italiensitu\u00e9 dans un quartier central de Tanger,35, rue Assad Ibn Al Forat (ex rue Garibaldi),Quartier Marchan, compos\u00e9 d\u2019un terrain avec deux b\u00e2timents principaux construits vers la moiti\u00e9 du 19\u00e8me si\u00e8cle: environ 5.616 m\u00e8tres carr\u00e9s de [&hellip;]","protected":false},"author":1,"featured_media":0,"comment_status":"","ping_status":"","sticky":false,"template":"","format":"standard","meta":{"footnotes":""},"tags":[],"class_list":["post-1142","post","type-post","status-publish","format-standard","hentry"],"_links":{"self":[{"href":"https:\/\/ambalgeri.esteri.it\/fr\/wp-json\/wp\/v2\/posts\/1142","targetHints":{"allow":["GET"]}}],"collection":[{"href":"https:\/\/ambalgeri.esteri.it\/fr\/wp-json\/wp\/v2\/posts"}],"about":[{"href":"https:\/\/ambalgeri.esteri.it\/fr\/wp-json\/wp\/v2\/types\/post"}],"author":[{"embeddable":true,"href":"https:\/\/ambalgeri.esteri.it\/fr\/wp-json\/wp\/v2\/users\/1"}],"replies":[{"embeddable":true,"href":"https:\/\/ambalgeri.esteri.it\/fr\/wp-json\/wp\/v2\/comments?post=1142"}],"version-history":[{"count":0,"href":"https:\/\/ambalgeri.esteri.it\/fr\/wp-json\/wp\/v2\/posts\/1142\/revisions"}],"wp:attachment":[{"href":"https:\/\/ambalgeri.esteri.it\/fr\/wp-json\/wp\/v2\/media?parent=1142"}],"wp:term":[{"taxonomy":"post_tag","embeddable":true,"href":"https:\/\/ambalgeri.esteri.it\/fr\/wp-json\/wp\/v2\/tags?post=1142"}],"curies":[{"name":"wp","href":"https:\/\/api.w.org\/{rel}","templated":true}]}}