{"id":1156,"date":"2013-09-03T13:03:10","date_gmt":"2013-09-03T11:03:10","guid":{"rendered":"https:\/\/ambalgeri.esteri.it\/news\/dall_ambasciata\/2013\/09\/comunicato-stampa-letta-2\/"},"modified":"2013-09-03T13:03:10","modified_gmt":"2013-09-03T11:03:10","slug":"comunicato-stampa-letta-2","status":"publish","type":"post","link":"https:\/\/ambalgeri.esteri.it\/fr\/news\/dall_ambasciata\/2013\/09\/comunicato-stampa-letta-2\/","title":{"rendered":"Communiqu\u00e9 de presse du Pr\u00e9sident du Conseil des Ministres italien concernant la\u00a0 position italienne sur les cons\u00e9quences de l\u2019usage des armes chimiques en Syrie"},"content":{"rendered":"<p><P>Rome, le 28 aout 2013<\/P><P>\u00a0<\/P><br \/>\n<P>\u00a0<\/P><br \/>\n<P>Le Pr\u00e9sident du Conseil, Enrico Letta, a re\u00e7u aujourd\u2019hui le Vice-pr\u00e9sident du Conseil Angelino Alfano, les Ministres des Affaires Etrang\u00e8res, Emma Bonino et de la D\u00e9fense, Mario Mauro, et le Secr\u00e9taire d\u2019Etat Marco Minniti, avec lesquels il a fait le point sur la crise syrienne, notamment \u00e0 la lumi\u00e8re des contacts intenses entrepris ces derniers jours avec l\u2019Administration am\u00e9ricaine et les Partenaires europ\u00e9ens et internationaux.<\/P><br \/>\n<P>\u00a0<\/P><br \/>\n<P>Au cours de la r\u00e9union, la position exprim\u00e9e hier au Parlement a \u00e9t\u00e9 r\u00e9it\u00e9r\u00e9e. L\u2019Italie confirme, en phase avec les orientations de ses Alli\u00e9s, la plus ferme condamnation de l\u2019usage des armes chimiques contre la population civile syrienne, un acte qui heurte la conscience du peuple italien et qui est consid\u00e9r\u00e9 un crime contre l\u2019humanit\u00e9. <\/P><br \/>\n<P>\u00a0<\/P><br \/>\n<P>Cette flagrante violation du droit international est inacceptable et les responsables devront \u00eatre traduits devant la justice internationale. Le Gouvernement confirme son soutien \u00e0 l\u2019action des inspecteurs des Nations Unies charg\u00e9s de l\u2019enqu\u00eate et requiert que leur activit\u00e9 puisse se d\u00e9rouler dans la plus grande libert\u00e9 et c\u00e9l\u00e9rit\u00e9.<\/P><br \/>\n<P>\u00a0<\/P><br \/>\n<P>Le conflit en cours a d\u00e9j\u00e0 provoqu\u00e9 un nombre consid\u00e9rable de victimes civiles et de refugi\u00e9s, qui vivent dans des conditions insoutenables en Syrie et dans les pays voisins qui accueillent des centaines de milliers d\u2019\u00e9vacu\u00e9s. Il s\u2019agit d\u2019un drame humanitaire dont les dimensions risquent de compromettre la stabilit\u00e9 d\u2019une r\u00e9gion \u00e0 laquelle des relations de voisinage anciennes nous lient et dans laquelle nous sommes activement engag\u00e9s, \u00e0 partir de notre participation au contingent de la FINUL au Liban.<\/P><br \/>\n<P>\u00a0<\/P><br \/>\n<P>L\u2019Italie ne m\u00e9nagera pas ses efforts visant \u00e0 r\u00e9tablir la paix, la stabilit\u00e9 et le dialogue civile et religieux en Syrie et dans les pays de la r\u00e9gion. Comme pr\u00e9annonc\u00e9 hier au Parlement, le Gouvernement continuera \u00e0 suivre de pr\u00e8s l\u2019\u00e9volution de la situation en \u00e9troite collaboration avec la Communaut\u00e9 internationale.<\/P><br \/>\n<P>\u00a0<\/P><br \/>\n<P>\u00a0<\/P><br \/>\n<P>\u00a0<\/P><br \/>\n<P>Rome, le 31 aout 2013<\/P><br \/>\n<P>\u00a0<\/P><br \/>\n<P>\u00a0<\/P><br \/>\n<P>Ce sont des moments difficiles pour la communaut\u00e9 internationale. L\u2019opinion publique italienne a \u00e9t\u00e9 dramatiquement troubl\u00e9e par les images des victimes des armes chimiques. Nous devons tout faire pour que cela ne se reproduise plus. Le r\u00e9gime de Assad poss\u00e8de des arsenaux d\u2019armes chimiques, dont l\u2019usage est un crime contre l\u2019humanit\u00e9. Nous comprenons l\u2019initiative des Etats-Unis et la France, \u00e0 laquelle cependant nous ne pouvons pas participer sans les Nations Unies.<\/P><br \/>\n<P>\u00a0<\/P><br \/>\n<P>La semaine prochaine \u00e0 Saint-P\u00e9tersbourg nous ferons tout pour qu\u2019une solution politique soit trouv\u00e9e au drame syrien, qui a d\u00e9j\u00e0 produit un nombre intol\u00e9rable de victimes et de refugi\u00e9s. La rapide convocation de &#8220;Gen\u00e8ve 2&#8221; est d\u00e9sormais incontournable.<\/P><br \/>\n<P>\u00a0<\/P><br \/>\n<P>\u00a0<\/P><\/p>\n","protected":false},"excerpt":{"rendered":"Rome, le 28 aout 2013\u00a0 \u00a0 Le Pr\u00e9sident du Conseil, Enrico Letta, a re\u00e7u aujourd\u2019hui le Vice-pr\u00e9sident du Conseil Angelino Alfano, les Ministres des Affaires Etrang\u00e8res, Emma Bonino et de la D\u00e9fense, Mario Mauro, et le Secr\u00e9taire d\u2019Etat Marco Minniti, avec lesquels il a fait le point sur la crise syrienne, notamment \u00e0 la lumi\u00e8re [&hellip;]","protected":false},"author":1,"featured_media":0,"comment_status":"","ping_status":"","sticky":false,"template":"","format":"standard","meta":{"footnotes":""},"tags":[],"class_list":["post-1156","post","type-post","status-publish","format-standard","hentry"],"_links":{"self":[{"href":"https:\/\/ambalgeri.esteri.it\/fr\/wp-json\/wp\/v2\/posts\/1156","targetHints":{"allow":["GET"]}}],"collection":[{"href":"https:\/\/ambalgeri.esteri.it\/fr\/wp-json\/wp\/v2\/posts"}],"about":[{"href":"https:\/\/ambalgeri.esteri.it\/fr\/wp-json\/wp\/v2\/types\/post"}],"author":[{"embeddable":true,"href":"https:\/\/ambalgeri.esteri.it\/fr\/wp-json\/wp\/v2\/users\/1"}],"replies":[{"embeddable":true,"href":"https:\/\/ambalgeri.esteri.it\/fr\/wp-json\/wp\/v2\/comments?post=1156"}],"version-history":[{"count":0,"href":"https:\/\/ambalgeri.esteri.it\/fr\/wp-json\/wp\/v2\/posts\/1156\/revisions"}],"wp:attachment":[{"href":"https:\/\/ambalgeri.esteri.it\/fr\/wp-json\/wp\/v2\/media?parent=1156"}],"wp:term":[{"taxonomy":"post_tag","embeddable":true,"href":"https:\/\/ambalgeri.esteri.it\/fr\/wp-json\/wp\/v2\/tags?post=1156"}],"curies":[{"name":"wp","href":"https:\/\/api.w.org\/{rel}","templated":true}]}}