{"id":1163,"date":"2012-07-29T23:37:21","date_gmt":"2012-07-29T21:37:21","guid":{"rendered":"https:\/\/ambalgeri.esteri.it\/news\/dall_ambasciata\/2012\/07\/prontuario-economia-italiana-2\/"},"modified":"2012-07-29T23:37:21","modified_gmt":"2012-07-29T21:37:21","slug":"prontuario-economia-italiana-2","status":"publish","type":"post","link":"https:\/\/ambalgeri.esteri.it\/fr\/news\/dall_ambasciata\/2012\/07\/prontuario-economia-italiana-2\/","title":{"rendered":"M\u00e9morandum sur l\u2019\u00e9conomie italienne"},"content":{"rendered":"<p><P>Le m\u00e9morandum sur l&#8217;\u00e9conomie italienne, r\u00e9dig\u00e9 par le minist\u00e8re des Affaires \u00e9trang\u00e8res en collaboration avec le Minist\u00e8re de l&#8217;Economie et des Finances, la Banque d&#8217;Italie et l&#8217;Istat (Institut de Statistique), illustre les fondamentaux macro-\u00e9conomiques de l&#8217;\u00e9conomie italienne et les principales mesures prises par le gouvernement italien.<BR><BR><A href=\"\/resource\/2013\/08\/69470_f_amb61Prontuario_Economia_Luglio_2013.pdf\">M\u00e9morandum sur l\u2019\u00e9conomie italienne &#8211; Juillet 2013<\/A><\/P><\/p>\n","protected":false},"excerpt":{"rendered":"Le m\u00e9morandum sur l&#8217;\u00e9conomie italienne, r\u00e9dig\u00e9 par le minist\u00e8re des Affaires \u00e9trang\u00e8res en collaboration avec le Minist\u00e8re de l&#8217;Economie et des Finances, la Banque d&#8217;Italie et l&#8217;Istat (Institut de Statistique), illustre les fondamentaux macro-\u00e9conomiques de l&#8217;\u00e9conomie italienne et les principales mesures prises par le gouvernement italien.M\u00e9morandum sur l\u2019\u00e9conomie italienne &#8211; Juillet 2013","protected":false},"author":1,"featured_media":0,"comment_status":"","ping_status":"","sticky":false,"template":"","format":"standard","meta":{"footnotes":""},"tags":[],"class_list":["post-1163","post","type-post","status-publish","format-standard","hentry"],"_links":{"self":[{"href":"https:\/\/ambalgeri.esteri.it\/fr\/wp-json\/wp\/v2\/posts\/1163","targetHints":{"allow":["GET"]}}],"collection":[{"href":"https:\/\/ambalgeri.esteri.it\/fr\/wp-json\/wp\/v2\/posts"}],"about":[{"href":"https:\/\/ambalgeri.esteri.it\/fr\/wp-json\/wp\/v2\/types\/post"}],"author":[{"embeddable":true,"href":"https:\/\/ambalgeri.esteri.it\/fr\/wp-json\/wp\/v2\/users\/1"}],"replies":[{"embeddable":true,"href":"https:\/\/ambalgeri.esteri.it\/fr\/wp-json\/wp\/v2\/comments?post=1163"}],"version-history":[{"count":0,"href":"https:\/\/ambalgeri.esteri.it\/fr\/wp-json\/wp\/v2\/posts\/1163\/revisions"}],"wp:attachment":[{"href":"https:\/\/ambalgeri.esteri.it\/fr\/wp-json\/wp\/v2\/media?parent=1163"}],"wp:term":[{"taxonomy":"post_tag","embeddable":true,"href":"https:\/\/ambalgeri.esteri.it\/fr\/wp-json\/wp\/v2\/tags?post=1163"}],"curies":[{"name":"wp","href":"https:\/\/api.w.org\/{rel}","templated":true}]}}