{"id":1167,"date":"2012-06-04T00:14:48","date_gmt":"2012-06-03T22:14:48","guid":{"rendered":"https:\/\/ambalgeri.esteri.it\/news\/dall_ambasciata\/2012\/06\/messaggio-pres-rep-01062012-2\/"},"modified":"2012-06-04T00:14:48","modified_gmt":"2012-06-03T22:14:48","slug":"messaggio-pres-rep-01062012-2","status":"publish","type":"post","link":"https:\/\/ambalgeri.esteri.it\/fr\/news\/dall_ambasciata\/2012\/06\/messaggio-pres-rep-01062012-2\/","title":{"rendered":"Suite \u00e0 l\u2019article paru sur le quotidien El Khabar du 27 mars 2016, concernant la non-admission dans l\u2019espace Schengen lors du passage \u00e0 la fronti\u00e8re italienne de ressortissants alg\u00e9riens munis de visa Schengen, l\u2019Ambassadeur d\u2019Italie, S.E.M. Michele Giacomelli, a adress\u00e9 au Directeur G\u00e9n\u00e9ral du quotidien, M. Kamal Djouzi, une lettre d\u2019\u00e9claircissements."},"content":{"rendered":"<p><P><A href=\"\/resource\/2016\/04\/96427_f_amb61LettredelAmbassadeurdItalieauDGdElKhabar1.pdf\">Lettre de l&#8217;Ambassadeur d&#8217;Italie au DG d&#8217;El Khabar<\/A>.<\/P><\/p>\n","protected":false},"excerpt":{"rendered":"Lettre de l&#8217;Ambassadeur d&#8217;Italie au DG d&#8217;El Khabar.","protected":false},"author":1,"featured_media":0,"comment_status":"","ping_status":"","sticky":false,"template":"","format":"standard","meta":{"footnotes":""},"tags":[],"class_list":["post-1167","post","type-post","status-publish","format-standard","hentry"],"_links":{"self":[{"href":"https:\/\/ambalgeri.esteri.it\/fr\/wp-json\/wp\/v2\/posts\/1167","targetHints":{"allow":["GET"]}}],"collection":[{"href":"https:\/\/ambalgeri.esteri.it\/fr\/wp-json\/wp\/v2\/posts"}],"about":[{"href":"https:\/\/ambalgeri.esteri.it\/fr\/wp-json\/wp\/v2\/types\/post"}],"author":[{"embeddable":true,"href":"https:\/\/ambalgeri.esteri.it\/fr\/wp-json\/wp\/v2\/users\/1"}],"replies":[{"embeddable":true,"href":"https:\/\/ambalgeri.esteri.it\/fr\/wp-json\/wp\/v2\/comments?post=1167"}],"version-history":[{"count":0,"href":"https:\/\/ambalgeri.esteri.it\/fr\/wp-json\/wp\/v2\/posts\/1167\/revisions"}],"wp:attachment":[{"href":"https:\/\/ambalgeri.esteri.it\/fr\/wp-json\/wp\/v2\/media?parent=1167"}],"wp:term":[{"taxonomy":"post_tag","embeddable":true,"href":"https:\/\/ambalgeri.esteri.it\/fr\/wp-json\/wp\/v2\/tags?post=1167"}],"curies":[{"name":"wp","href":"https:\/\/api.w.org\/{rel}","templated":true}]}}