{"id":1171,"date":"2012-04-23T09:29:54","date_gmt":"2012-04-23T07:29:54","guid":{"rendered":"https:\/\/ambalgeri.esteri.it\/news\/dall_ambasciata\/2012\/04\/informativa-governo-cancellieri-2\/"},"modified":"2012-04-23T09:29:54","modified_gmt":"2012-04-23T07:29:54","slug":"informativa-governo-cancellieri-2","status":"publish","type":"post","link":"https:\/\/ambalgeri.esteri.it\/fr\/news\/dall_ambasciata\/2012\/04\/informativa-governo-cancellieri-2\/","title":{"rendered":"Visite \u00e0 Alger du Vice Ministre du D\u00e9veloppement Economique Carlo Calenda."},"content":{"rendered":"<p><P>Alger, 21 novembre 2013.<BR><BR> Le Vice Ministre du D\u00e9veloppement Economique, Carlo Calenda, a effectu\u00e9 le 19 novembre dernier, une visite \u00e0 Alger, o\u00f9 il a rencontr\u00e9 le Ministre alg\u00e9rien du D\u00e9veloppement Industriel et de la Promotion de l&#8217;Investissement, Amara Benyounes, avec qui il a discut\u00e9 des opportunit\u00e9s de renforcer les partenariats entre l&#8217;Italie et l&#8217;Alg\u00e9rie.<BR>Le jour suivant, le Vice-Ministre Calenda a lanc\u00e9 les travaux du Forum \u00e9conomique italo-alg\u00e9rien, qui a vu la participation de 81 entreprises italiennes, accompagn\u00e9es par le Pr\u00e9sident de l&#8217;Agence ICE Riccardo Monti et du Vice-Pr\u00e9sident de Confindustria Vincenzo Boccia.<BR>Lors de la s\u00e9ance d&#8217;ouverture du Forum ont intervenu, du cot\u00e9 alg\u00e9rien,\u00a0 le Ministre du D\u00e9veloppement Industriel, Benyounes, le Ministre de l&#8217;Agriculture, Nouri, et le Ministre de la\u00a0 P\u00eache, Ferroukhi. Plusieurs entreprises alg\u00e9riennes y ont particip\u00e9.<BR><BR><IMG border=\"0\" alt=\"Carlo_Calenda\" src=\"\/resource\/2014\/01\/73185_f_amb61Carlo_Calenda1.jpg\"><\/P><\/p>\n","protected":false},"excerpt":{"rendered":"Alger, 21 novembre 2013. Le Vice Ministre du D\u00e9veloppement Economique, Carlo Calenda, a effectu\u00e9 le 19 novembre dernier, une visite \u00e0 Alger, o\u00f9 il a rencontr\u00e9 le Ministre alg\u00e9rien du D\u00e9veloppement Industriel et de la Promotion de l&#8217;Investissement, Amara Benyounes, avec qui il a discut\u00e9 des opportunit\u00e9s de renforcer les partenariats entre l&#8217;Italie et l&#8217;Alg\u00e9rie.Le [&hellip;]","protected":false},"author":1,"featured_media":0,"comment_status":"","ping_status":"","sticky":false,"template":"","format":"standard","meta":{"footnotes":""},"tags":[],"class_list":["post-1171","post","type-post","status-publish","format-standard","hentry"],"_links":{"self":[{"href":"https:\/\/ambalgeri.esteri.it\/fr\/wp-json\/wp\/v2\/posts\/1171","targetHints":{"allow":["GET"]}}],"collection":[{"href":"https:\/\/ambalgeri.esteri.it\/fr\/wp-json\/wp\/v2\/posts"}],"about":[{"href":"https:\/\/ambalgeri.esteri.it\/fr\/wp-json\/wp\/v2\/types\/post"}],"author":[{"embeddable":true,"href":"https:\/\/ambalgeri.esteri.it\/fr\/wp-json\/wp\/v2\/users\/1"}],"replies":[{"embeddable":true,"href":"https:\/\/ambalgeri.esteri.it\/fr\/wp-json\/wp\/v2\/comments?post=1171"}],"version-history":[{"count":0,"href":"https:\/\/ambalgeri.esteri.it\/fr\/wp-json\/wp\/v2\/posts\/1171\/revisions"}],"wp:attachment":[{"href":"https:\/\/ambalgeri.esteri.it\/fr\/wp-json\/wp\/v2\/media?parent=1171"}],"wp:term":[{"taxonomy":"post_tag","embeddable":true,"href":"https:\/\/ambalgeri.esteri.it\/fr\/wp-json\/wp\/v2\/tags?post=1171"}],"curies":[{"name":"wp","href":"https:\/\/api.w.org\/{rel}","templated":true}]}}