{"id":1173,"date":"2012-03-20T23:49:18","date_gmt":"2012-03-20T22:49:18","guid":{"rendered":"https:\/\/ambalgeri.esteri.it\/news\/dall_ambasciata\/2012\/03\/accordo-integrazione-straniero-stato-2\/"},"modified":"2012-03-20T23:49:18","modified_gmt":"2012-03-20T22:49:18","slug":"accordo-integrazione-straniero-stato-2","status":"publish","type":"post","link":"https:\/\/ambalgeri.esteri.it\/fr\/news\/dall_ambasciata\/2012\/03\/accordo-integrazione-straniero-stato-2\/","title":{"rendered":"Le 2 f\u00e9vrier 2015: visite \u00e0 Alger du Ministre des Affaires etrang\u00e8res et de la coop\u00e9ration, S.E. M. Paolo Gentiloni\u00a0"},"content":{"rendered":"<p><P>\u00a0<\/P><\/p>\n","protected":false},"excerpt":{"rendered":"\u00a0","protected":false},"author":1,"featured_media":0,"comment_status":"","ping_status":"","sticky":false,"template":"","format":"standard","meta":{"footnotes":""},"tags":[],"class_list":["post-1173","post","type-post","status-publish","format-standard","hentry"],"_links":{"self":[{"href":"https:\/\/ambalgeri.esteri.it\/fr\/wp-json\/wp\/v2\/posts\/1173","targetHints":{"allow":["GET"]}}],"collection":[{"href":"https:\/\/ambalgeri.esteri.it\/fr\/wp-json\/wp\/v2\/posts"}],"about":[{"href":"https:\/\/ambalgeri.esteri.it\/fr\/wp-json\/wp\/v2\/types\/post"}],"author":[{"embeddable":true,"href":"https:\/\/ambalgeri.esteri.it\/fr\/wp-json\/wp\/v2\/users\/1"}],"replies":[{"embeddable":true,"href":"https:\/\/ambalgeri.esteri.it\/fr\/wp-json\/wp\/v2\/comments?post=1173"}],"version-history":[{"count":0,"href":"https:\/\/ambalgeri.esteri.it\/fr\/wp-json\/wp\/v2\/posts\/1173\/revisions"}],"wp:attachment":[{"href":"https:\/\/ambalgeri.esteri.it\/fr\/wp-json\/wp\/v2\/media?parent=1173"}],"wp:term":[{"taxonomy":"post_tag","embeddable":true,"href":"https:\/\/ambalgeri.esteri.it\/fr\/wp-json\/wp\/v2\/tags?post=1173"}],"curies":[{"name":"wp","href":"https:\/\/api.w.org\/{rel}","templated":true}]}}