{"id":1182,"date":"2009-05-04T12:07:52","date_gmt":"2009-05-04T10:07:52","guid":{"rendered":"https:\/\/ambalgeri.esteri.it\/news\/dall_ambasciata\/2009\/05\/referendum-2\/"},"modified":"2009-05-04T12:07:52","modified_gmt":"2009-05-04T10:07:52","slug":"referendum-2","status":"publish","type":"post","link":"https:\/\/ambalgeri.esteri.it\/fr\/news\/dall_ambasciata\/2009\/05\/referendum-2\/","title":{"rendered":"Intervention de l&#8217;Hon. Pia Locatelli \u00e0 la Conf\u00e9rence internationale sur la participation politique des femmes."},"content":{"rendered":"<p><P>Alger, 11 d\u00e9cembre 2013.<BR><BR>L&#8217;Hon. Pia Locatelli, membre de la Commission des Affaires Etrang\u00e8res de la Chambre des D\u00e9put\u00e9s, a pris part, pour repr\u00e9senter la Pr\u00e9sidente de la Chambre des D\u00e9put\u00e9s l&#8217;Hon. Laura Boldrini, \u00e0 la \u00abConf\u00e9rence internationale sur la participation politique efficace et durable des femmes\u00a0 dans les assembl\u00e9es \u00e9lues&#8221;, parrain\u00e9e par l&#8217;Assembl\u00e9e\u00a0 Populaire Nationale alg\u00e9rienne, en collaboration avec le Programme des Nations Unis pour le D\u00e9veloppement et l&#8217;Agence ONU Femme.<BR><BR>Cette Conf\u00e9rence a vu la participation d&#8217;environ 450 personnes, dont des d\u00e9put\u00e9s de vingt pays diff\u00e9rents, des Repr\u00e9sentants de la soci\u00e9t\u00e9 civile, des universitaires qui ont intervenus pour discuter des meilleurs\u00a0 pratiques \u00e0 suivre pour promouvoir et renforcer la participation politique des femmes.<BR><BR><IMG border=\"0\" alt=\"Pia_Locatelli\" src=\"\/resource\/2014\/01\/73184_f_amb61Pia_Locatelli1.jpg\"><\/P><\/p>\n","protected":false},"excerpt":{"rendered":"Alger, 11 d\u00e9cembre 2013.L&#8217;Hon. Pia Locatelli, membre de la Commission des Affaires Etrang\u00e8res de la Chambre des D\u00e9put\u00e9s, a pris part, pour repr\u00e9senter la Pr\u00e9sidente de la Chambre des D\u00e9put\u00e9s l&#8217;Hon. Laura Boldrini, \u00e0 la \u00abConf\u00e9rence internationale sur la participation politique efficace et durable des femmes\u00a0 dans les assembl\u00e9es \u00e9lues&#8221;, parrain\u00e9e par l&#8217;Assembl\u00e9e\u00a0 Populaire Nationale [&hellip;]","protected":false},"author":1,"featured_media":0,"comment_status":"","ping_status":"","sticky":false,"template":"","format":"standard","meta":{"footnotes":""},"tags":[],"class_list":["post-1182","post","type-post","status-publish","format-standard","hentry"],"_links":{"self":[{"href":"https:\/\/ambalgeri.esteri.it\/fr\/wp-json\/wp\/v2\/posts\/1182","targetHints":{"allow":["GET"]}}],"collection":[{"href":"https:\/\/ambalgeri.esteri.it\/fr\/wp-json\/wp\/v2\/posts"}],"about":[{"href":"https:\/\/ambalgeri.esteri.it\/fr\/wp-json\/wp\/v2\/types\/post"}],"author":[{"embeddable":true,"href":"https:\/\/ambalgeri.esteri.it\/fr\/wp-json\/wp\/v2\/users\/1"}],"replies":[{"embeddable":true,"href":"https:\/\/ambalgeri.esteri.it\/fr\/wp-json\/wp\/v2\/comments?post=1182"}],"version-history":[{"count":0,"href":"https:\/\/ambalgeri.esteri.it\/fr\/wp-json\/wp\/v2\/posts\/1182\/revisions"}],"wp:attachment":[{"href":"https:\/\/ambalgeri.esteri.it\/fr\/wp-json\/wp\/v2\/media?parent=1182"}],"wp:term":[{"taxonomy":"post_tag","embeddable":true,"href":"https:\/\/ambalgeri.esteri.it\/fr\/wp-json\/wp\/v2\/tags?post=1182"}],"curies":[{"name":"wp","href":"https:\/\/api.w.org\/{rel}","templated":true}]}}