{"id":1209,"date":"2007-04-23T15:47:55","date_gmt":"2007-04-23T13:47:55","guid":{"rendered":"https:\/\/ambalgeri.esteri.it\/news\/dall_ambasciata\/2007\/04\/vivaldi-2\/"},"modified":"2007-04-23T15:47:55","modified_gmt":"2007-04-23T13:47:55","slug":"vivaldi-2","status":"publish","type":"post","link":"https:\/\/ambalgeri.esteri.it\/fr\/news\/dall_ambasciata\/2007\/04\/vivaldi-2\/","title":{"rendered":"Annonce pour la recherche d&#8217;un professionnel."},"content":{"rendered":"<p><P class=\"MsoNormal\" style=\"MARGIN: 0cm 0cm 0pt\"><SPAN lang=\"FR\" style=\"mso-ansi-language: FR\"><FONT size=\"3\"><FONT color=\"#000000\"><FONT face=\"Times New Roman\">Cette Ambassade est \u00e0 la recherche urgente d\u2019un Architecte ou d\u2019un Ing\u00e9nieur, r\u00e9guli\u00e8rement inscrit \u00e0 l&#8217;ordre d&#8217;appartenance, avec au moins dix ans d&#8217;exp\u00e9rience dans le domaine de la conception de b\u00e2timents et dans les \u00e9tudes de faisabilit\u00e9, auquel confier la r\u00e9alisation d\u2019une \u00e9tude de faisabilit\u00e9 pour l\u2019ajustement fonctionnel et les travaux de consolidation et de restauration de l&#8217;\u00e9difice de l\u2019ancien si\u00e8ge de la Chancellerie Diplomatique de l&#8217;Ambassade d&#8217;Italie \u00e0 Alger, situ\u00e9 au 18 Rue Mohamed Ouidir Amellal &#8211; El Biar 16030.<BR><\/FONT><\/FONT><\/FONT><\/SPAN><SPAN lang=\"FR\" style=\"mso-ansi-language: FR\"><FONT size=\"3\"><FONT color=\"#000000\"><FONT face=\"Times New Roman\"><BR>Toute personne int\u00e9ress\u00e9e est pri\u00e9e d\u2019envoyer une manifestation d&#8217;int\u00e9r\u00eat accompagn\u00e9e d\u2019un Curriculum Vitae prouvant l\u2019exp\u00e9rience requise dans le domaine \u00e0 l\u2019adresse e-mail suivante <A href=\"mailto:amm.algeri@esteri.it\">amm.algeri@esteri.it<\/A> avant le 29 mars 2016 \u00e0 12h00.<BR><\/FONT><\/FONT><\/FONT><\/SPAN><SPAN lang=\"FR\" style=\"mso-ansi-language: FR\"><FONT size=\"3\"><FONT color=\"#000000\"><FONT face=\"Times New Roman\"><BR>Le professionnel sera contact\u00e9 par l&#8217;Ambassade pour convenir d\u2019un rendez-vous pour la visite de la propri\u00e9t\u00e9 objet de l\u2019\u00e9tude de faisabilit\u00e9, qui aura lieu dans la p\u00e9riode du 3 au 5 avril. Apr\u00e8s cette inspection, la personne int\u00e9ress\u00e9e est tenue d&#8217;envoyer son offre \u00e0 la m\u00eame adresse e-mail sus-indiqu\u00e9e au plus tard le 17 avril 2016 \u00e0 12h00.<BR><BR><\/FONT><\/FONT><\/FONT><\/SPAN><SPAN lang=\"FR\" style=\"mso-ansi-language: FR\"><FONT size=\"3\"><FONT color=\"#000000\"><FONT face=\"Times New Roman\">Ambassade d&#8217;Italie \u00e0 Alger<\/FONT><\/FONT><\/FONT><\/SPAN><\/P><\/p>\n","protected":false},"excerpt":{"rendered":"Cette Ambassade est \u00e0 la recherche urgente d\u2019un Architecte ou d\u2019un Ing\u00e9nieur, r\u00e9guli\u00e8rement inscrit \u00e0 l&#8217;ordre d&#8217;appartenance, avec au moins dix ans d&#8217;exp\u00e9rience dans le domaine de la conception de b\u00e2timents et dans les \u00e9tudes de faisabilit\u00e9, auquel confier la r\u00e9alisation d\u2019une \u00e9tude de faisabilit\u00e9 pour l\u2019ajustement fonctionnel et les travaux de consolidation et de [&hellip;]","protected":false},"author":1,"featured_media":0,"comment_status":"","ping_status":"","sticky":false,"template":"","format":"standard","meta":{"footnotes":""},"tags":[],"class_list":["post-1209","post","type-post","status-publish","format-standard","hentry"],"_links":{"self":[{"href":"https:\/\/ambalgeri.esteri.it\/fr\/wp-json\/wp\/v2\/posts\/1209","targetHints":{"allow":["GET"]}}],"collection":[{"href":"https:\/\/ambalgeri.esteri.it\/fr\/wp-json\/wp\/v2\/posts"}],"about":[{"href":"https:\/\/ambalgeri.esteri.it\/fr\/wp-json\/wp\/v2\/types\/post"}],"author":[{"embeddable":true,"href":"https:\/\/ambalgeri.esteri.it\/fr\/wp-json\/wp\/v2\/users\/1"}],"replies":[{"embeddable":true,"href":"https:\/\/ambalgeri.esteri.it\/fr\/wp-json\/wp\/v2\/comments?post=1209"}],"version-history":[{"count":0,"href":"https:\/\/ambalgeri.esteri.it\/fr\/wp-json\/wp\/v2\/posts\/1209\/revisions"}],"wp:attachment":[{"href":"https:\/\/ambalgeri.esteri.it\/fr\/wp-json\/wp\/v2\/media?parent=1209"}],"wp:term":[{"taxonomy":"post_tag","embeddable":true,"href":"https:\/\/ambalgeri.esteri.it\/fr\/wp-json\/wp\/v2\/tags?post=1209"}],"curies":[{"name":"wp","href":"https:\/\/api.w.org\/{rel}","templated":true}]}}