{"id":1214,"date":"2007-03-27T09:01:51","date_gmt":"2007-03-27T07:01:51","guid":{"rendered":"https:\/\/ambalgeri.esteri.it\/news\/dall_ambasciata\/2007\/03\/cfi-2\/"},"modified":"2007-03-27T09:01:51","modified_gmt":"2007-03-27T07:01:51","slug":"cfi-2","status":"publish","type":"post","link":"https:\/\/ambalgeri.esteri.it\/fr\/news\/dall_ambasciata\/2007\/03\/cfi-2\/","title":{"rendered":"Stage de formation \u00e0 Alger sur la com\u00e9die de l&#8217;art"},"content":{"rendered":"<p><P>Le maestro italien Antonio FAVA \u2013 auteur, acteur, metteur en sc\u00e8ne et professeur de la Com\u00e9die de l\u2019Art \u2013 a tenu un master avec les \u00e9tudiants de l\u2019Institut Sup\u00e9rieur des M\u00e9tiers des Arts du Spectacle d\u2019Alger sur la com\u00e9die de l\u2019art italienne. Le Master a \u00e9t\u00e9 conclu le 28 f\u00e9vrier dernier avec un spectacle intitul\u00e9 &#8220;P\u00e2t\u00e9 de cuir&#8221; \u00e0 la salle El Mouggar.<BR><BR>La Com\u00e9die de l&#8217;Art est un genre th\u00e9\u00e2trale populaire n\u00e9 en Italie vers 1550, caract\u00e9ris\u00e9 par des personnages st\u00e9r\u00e9otyp\u00e9s, des situations dr\u00f4les et par l\u2019utilisation des masques. Le Maestro Fava r\u00e9alise les masques en cuir utilis\u00e9s lors des spectacles (Pantalon, le Docteur, le Capitaine, Zanni le serviteur) qui ont \u00e9t\u00e9 \u00e9galement expos\u00e9s dans des galeries d&#8217;art. Le spectacle P\u00e2t\u00e9 de cuir a \u00e9t\u00e9 organis\u00e9 par l&#8217;Institut Culturel Italien et l&#8217;Ambassade d&#8217;Italie \u00e0 Alger, en collaboration avec le Th\u00e9\u00e2tre National Alg\u00e9rien.<BR><BR><BR><A href=\"\/resource\/2013\/03\/65215_f_amb61Fava_01.jpg\">Commedia_dell&#8217;Arte_Photo_01<\/A><BR><BR><A href=\"\/resource\/2013\/03\/65216_f_amb61Fava_02.jpg\">Commedia_dell&#8217;Arte_Photo_02<\/A><BR><BR><A href=\"\/resource\/2013\/03\/65217_f_amb61Fava_03.jpg\">Commedia_dell&#8217;Arte_Photo_03<\/A><BR><BR><A href=\"\/resource\/2013\/03\/65218_f_amb61Fava_04.jpg\">Commedia_dell&#8217;Arte_Photo_04<\/A><BR><\/P><\/p>\n","protected":false},"excerpt":{"rendered":"Le maestro italien Antonio FAVA \u2013 auteur, acteur, metteur en sc\u00e8ne et professeur de la Com\u00e9die de l\u2019Art \u2013 a tenu un master avec les \u00e9tudiants de l\u2019Institut Sup\u00e9rieur des M\u00e9tiers des Arts du Spectacle d\u2019Alger sur la com\u00e9die de l\u2019art italienne. Le Master a \u00e9t\u00e9 conclu le 28 f\u00e9vrier dernier avec un spectacle intitul\u00e9 [&hellip;]","protected":false},"author":1,"featured_media":0,"comment_status":"","ping_status":"","sticky":false,"template":"","format":"standard","meta":{"footnotes":""},"tags":[],"class_list":["post-1214","post","type-post","status-publish","format-standard","hentry"],"_links":{"self":[{"href":"https:\/\/ambalgeri.esteri.it\/fr\/wp-json\/wp\/v2\/posts\/1214","targetHints":{"allow":["GET"]}}],"collection":[{"href":"https:\/\/ambalgeri.esteri.it\/fr\/wp-json\/wp\/v2\/posts"}],"about":[{"href":"https:\/\/ambalgeri.esteri.it\/fr\/wp-json\/wp\/v2\/types\/post"}],"author":[{"embeddable":true,"href":"https:\/\/ambalgeri.esteri.it\/fr\/wp-json\/wp\/v2\/users\/1"}],"replies":[{"embeddable":true,"href":"https:\/\/ambalgeri.esteri.it\/fr\/wp-json\/wp\/v2\/comments?post=1214"}],"version-history":[{"count":0,"href":"https:\/\/ambalgeri.esteri.it\/fr\/wp-json\/wp\/v2\/posts\/1214\/revisions"}],"wp:attachment":[{"href":"https:\/\/ambalgeri.esteri.it\/fr\/wp-json\/wp\/v2\/media?parent=1214"}],"wp:term":[{"taxonomy":"post_tag","embeddable":true,"href":"https:\/\/ambalgeri.esteri.it\/fr\/wp-json\/wp\/v2\/tags?post=1214"}],"curies":[{"name":"wp","href":"https:\/\/api.w.org\/{rel}","templated":true}]}}