{"id":1218,"date":"2007-03-11T11:09:05","date_gmt":"2007-03-11T10:09:05","guid":{"rendered":"https:\/\/ambalgeri.esteri.it\/news\/dall_ambasciata\/2007\/03\/notiziario-economico-1-2\/"},"modified":"2007-03-11T11:09:05","modified_gmt":"2007-03-11T10:09:05","slug":"notiziario-economico-1-2","status":"publish","type":"post","link":"https:\/\/ambalgeri.esteri.it\/fr\/news\/dall_ambasciata\/2007\/03\/notiziario-economico-1-2\/","title":{"rendered":"SOUS-TRAITANCE DES SERVICES RELATIFS\u00a0 AUX ACTIVITEES\u00a0 CONCERNANT LE TRAITEMENT DES DOSSIERS DE VISA POUR L\u2019ITALIE."},"content":{"rendered":"<p><DIV style=\"BORDER-TOP: windowtext 1pt solid; BORDER-RIGHT: windowtext 1pt solid; BORDER-BOTTOM: windowtext 1pt solid; PADDING-BOTTOM: 1pt; PADDING-TOP: 1pt; PADDING-LEFT: 4pt; BORDER-LEFT: windowtext 1pt solid; PADDING-RIGHT: 4pt; mso-element: para-border-div; mso-border-alt: solid windowtext .5pt\"><P class=\"MsoNormal\" style=\"BORDER-TOP: medium none; BORDER-RIGHT: medium none; BORDER-BOTTOM: medium none; PADDING-BOTTOM: 0cm; TEXT-ALIGN: justify; PADDING-TOP: 0cm; PADDING-LEFT: 0cm; MARGIN: 0cm 0cm 0pt; BORDER-LEFT: medium none; PADDING-RIGHT: 0cm; mso-border-alt: solid windowtext .5pt; mso-padding-alt: 1.0pt 4.0pt 1.0pt 4.0pt\"><FONT size=\"3\"><FONT color=\"#000000\"><FONT face=\"Times New Roman\"><B><SPAN lang=\"FR\" style=\"mso-ansi-language: FR\">Organisme adjudicateur:<\/SPAN><\/B><SPAN lang=\"FR\" style=\"mso-ansi-language: FR\"> Ambassade d\u2019Italie aupr\u00e8s de la R\u00e9publique Alg\u00e9rienne D\u00e9mocratique et Populaire<?xml:namespace prefix = \"o\" ns = \"urn:schemas-microsoft-com:office:office\" \/><o:p><\/o:p><\/SPAN><\/FONT><\/FONT><\/FONT><\/P><br \/>\n<P class=\"MsoNormal\" style=\"BORDER-TOP: medium none; BORDER-RIGHT: medium none; BORDER-BOTTOM: medium none; PADDING-BOTTOM: 0cm; TEXT-ALIGN: justify; PADDING-TOP: 0cm; PADDING-LEFT: 0cm; MARGIN: 0cm 0cm 0pt; BORDER-LEFT: medium none; PADDING-RIGHT: 0cm; mso-border-alt: solid windowtext .5pt; mso-padding-alt: 1.0pt 4.0pt 1.0pt 4.0pt\"><FONT size=\"3\"><FONT color=\"#000000\"><FONT face=\"Times New Roman\"><B><SPAN lang=\"FR\" style=\"mso-ansi-language: FR\">Adresse:<\/SPAN><\/B><SPAN lang=\"FR\" style=\"mso-ansi-language: FR\"> 18, Rue Ouidir Amellal &#8211; El Biar 16030 &#8211; Alger.<o:p><\/o:p><\/SPAN><\/FONT><\/FONT><\/FONT><\/P><br \/>\n<P class=\"MsoNormal\" style=\"BORDER-TOP: medium none; BORDER-RIGHT: medium none; BORDER-BOTTOM: medium none; PADDING-BOTTOM: 0cm; TEXT-ALIGN: justify; PADDING-TOP: 0cm; PADDING-LEFT: 0cm; MARGIN: 0cm 0cm 0pt; BORDER-LEFT: medium none; PADDING-RIGHT: 0cm; mso-border-alt: solid windowtext .5pt; mso-padding-alt: 1.0pt 4.0pt 1.0pt 4.0pt\"><SPAN lang=\"FR\" style=\"mso-ansi-language: FR\"><FONT color=\"#000000\" size=\"3\" face=\"Times New Roman\">Adresse E-mail: <\/FONT><\/SPAN><A href=\"mailto:visti.algeri@esteri.it\"><SPAN lang=\"FR\" style=\"mso-ansi-language: FR\"><FONT color=\"#0000ff\" size=\"3\" face=\"Times New Roman\">visti.algeri@esteri.it<\/FONT><\/SPAN><\/A><SPAN lang=\"FR\" style=\"mso-ansi-language: FR\"><FONT size=\"3\"><FONT color=\"#000000\"><FONT face=\"Times New Roman\"> <o:p><\/o:p><\/FONT><\/FONT><\/FONT><\/SPAN><\/P><br \/>\n<P class=\"MsoNormal\" style=\"BORDER-TOP: medium none; BORDER-RIGHT: medium none; BORDER-BOTTOM: medium none; PADDING-BOTTOM: 0cm; TEXT-ALIGN: justify; PADDING-TOP: 0cm; PADDING-LEFT: 0cm; MARGIN: 0cm 0cm 0pt; BORDER-LEFT: medium none; PADDING-RIGHT: 0cm; mso-border-alt: solid windowtext .5pt; mso-padding-alt: 1.0pt 4.0pt 1.0pt 4.0pt\"><SPAN lang=\"FR\" style=\"mso-ansi-language: FR\"><FONT color=\"#000000\" size=\"3\" face=\"Times New Roman\">Site Internet: <\/FONT><\/SPAN><A href=\"\/\"><SPAN lang=\"FR\" style=\"mso-ansi-language: FR\"><FONT color=\"#0000ff\" size=\"3\" face=\"Times New Roman\">www.ambalgeri.esteri.it<\/FONT><\/SPAN><\/A><SPAN lang=\"FR\" style=\"mso-ansi-language: FR\"><FONT size=\"3\"><FONT color=\"#000000\"><FONT face=\"Times New Roman\"> <o:p><\/o:p><\/FONT><\/FONT><\/FONT><\/SPAN><\/P><\/DIV><br \/>\n<P class=\"MsoNormal\" style=\"TEXT-ALIGN: justify; MARGIN: 0cm 0cm 0pt\"><SPAN lang=\"FR\" style=\"mso-ansi-language: FR\"><o:p><FONT color=\"#000000\" size=\"3\" face=\"Times New Roman\">\u00a0<\/FONT><\/o:p><\/SPAN><\/P><br \/>\n<DIV style=\"BORDER-TOP: windowtext 1pt solid; BORDER-RIGHT: windowtext 1pt solid; BORDER-BOTTOM: windowtext 1pt solid; PADDING-BOTTOM: 1pt; PADDING-TOP: 1pt; PADDING-LEFT: 4pt; BORDER-LEFT: windowtext 1pt solid; PADDING-RIGHT: 4pt; mso-element: para-border-div; mso-border-alt: solid windowtext .5pt\"><br \/>\n<P class=\"MsoNormal\" style=\"BORDER-TOP: medium none; BORDER-RIGHT: medium none; BORDER-BOTTOM: medium none; PADDING-BOTTOM: 0cm; TEXT-ALIGN: justify; PADDING-TOP: 0cm; PADDING-LEFT: 0cm; MARGIN: 0cm 0cm 0pt; BORDER-LEFT: medium none; PADDING-RIGHT: 0cm; mso-border-alt: solid windowtext .5pt; mso-padding-alt: 1.0pt 4.0pt 1.0pt 4.0pt\"><FONT size=\"3\"><FONT color=\"#000000\"><FONT face=\"Times New Roman\"><B><SPAN lang=\"FR\" style=\"mso-ansi-language: FR\">Prestations requises<\/SPAN><\/B><SPAN lang=\"FR\" style=\"mso-ansi-language: FR\">: cliquer pour t\u00e9l\u00e9charger:<BR>&#8211; <A href=\"\/resource\/2016\/04\/96498_f_amb61BANDODIGARA1.pdf\">l\u2019appel d\u2019offre<\/A>,<BR>&#8211; <A href=\"\/resource\/2016\/04\/96499_f_amb61CAPITOLATODIGARA1.pdf\">le cahier des charges<\/A>,\u00a0<BR>&#8211; <A href=\"\/resource\/2016\/04\/96500_f_amb61NORMEDIPARTECIPAZIONE1.pdf\">r\u00e8glement de participation<\/A>,<BR>&#8211;\u00a0<A href=\"\/resource\/2016\/04\/96501_f_amb61DOMANDADIAMMISSIONE1.pdf\">mod\u00e8le de la demande d\u2019admission<\/A>.<BR><BR><\/SPAN><\/FONT><\/FONT><\/FONT><FONT size=\"3\"><FONT color=\"#000000\"><FONT face=\"Times New Roman\"><B><SPAN lang=\"FR\" style=\"mso-ansi-language: FR\">Dur\u00e9e du contrat<\/SPAN><\/B><SPAN lang=\"FR\" style=\"mso-ansi-language: FR\">:<SPAN style=\"mso-spacerun: yes\">\u00a0 <\/SPAN>trois ans<BR><\/SPAN><\/FONT><\/FONT><\/FONT><FONT size=\"3\"><FONT color=\"#000000\"><FONT face=\"Times New Roman\"><B><SPAN lang=\"FR\" style=\"mso-ansi-language: FR\">Volume pr\u00e9sum\u00e9<\/SPAN><\/B><SPAN lang=\"FR\" style=\"mso-ansi-language: FR\">: environ 21.000 demandes de visas (moyenne des trois ann\u00e9es 2013-2015)<BR><\/SPAN><\/FONT><\/FONT><\/FONT><FONT size=\"3\"><FONT color=\"#000000\"><FONT face=\"Times New Roman\"><B><SPAN lang=\"FR\" style=\"mso-ansi-language: FR\">Payement<\/SPAN><\/B><SPAN lang=\"FR\" style=\"mso-ansi-language: FR\">: direct de la part des usagers.<o:p><\/o:p><\/SPAN><\/FONT><\/FONT><\/FONT><\/P><\/DIV><br \/>\n<P class=\"MsoNormal\" style=\"TEXT-ALIGN: justify; MARGIN: 0cm 0cm 0pt\"><SPAN lang=\"FR\" style=\"mso-ansi-language: FR\"><o:p><FONT color=\"#000000\" size=\"3\" face=\"Times New Roman\">\u00a0<\/FONT><\/o:p><\/SPAN><\/P><br \/>\n<P class=\"MsoNormal\" style=\"TEXT-ALIGN: justify; MARGIN: 0cm 0cm 0pt\"><SPAN lang=\"FR\" style=\"mso-ansi-language: FR\"><o:p><FONT color=\"#000000\" size=\"3\" face=\"Times New Roman\">\u00a0<\/FONT><\/o:p><\/SPAN><\/P><br \/>\n<P class=\"MsoNormal\" style=\"TEXT-ALIGN: justify; MARGIN: 0cm 0cm 0pt\"><SPAN lang=\"FR\" style=\"mso-ansi-language: FR\"><o:p><FONT color=\"#000000\" size=\"3\" face=\"Times New Roman\">\u00a0<\/FONT><\/o:p><\/SPAN><\/P><br \/>\n<DIV style=\"BORDER-TOP: windowtext 1pt solid; BORDER-RIGHT: windowtext 1pt solid; BORDER-BOTTOM: windowtext 1pt solid; PADDING-BOTTOM: 1pt; PADDING-TOP: 1pt; PADDING-LEFT: 4pt; BORDER-LEFT: windowtext 1pt solid; PADDING-RIGHT: 4pt; mso-element: para-border-div; mso-border-alt: solid windowtext .5pt\"><br \/>\n<P class=\"MsoNormal\" style=\"BORDER-TOP: medium none; BORDER-RIGHT: medium none; BORDER-BOTTOM: medium none; PADDING-BOTTOM: 0cm; TEXT-ALIGN: justify; PADDING-TOP: 0cm; PADDING-LEFT: 0cm; MARGIN: 0cm 0cm 0pt; BORDER-LEFT: medium none; PADDING-RIGHT: 0cm; mso-border-alt: solid windowtext .5pt; mso-padding-alt: 1.0pt 4.0pt 1.0pt 4.0pt\"><B><SPAN lang=\"FR\" style=\"mso-ansi-language: FR\"><FONT size=\"3\"><FONT color=\"#000000\"><FONT face=\"Times New Roman\">Date d\u2019expiration pour la pr\u00e9sentation des demandes de participation:<SPAN style=\"mso-spacerun: yes\">\u00a0 <\/SPAN>11 mai 2016 \u2013 \u00e0 12.00 heures<SPAN style=\"mso-spacerun: yes\">\u00a0\u00a0\u00a0\u00a0\u00a0\u00a0 <\/SPAN><o:p><\/o:p><\/FONT><\/FONT><\/FONT><\/SPAN><\/B><\/P><\/DIV><br \/>\n<P class=\"MsoNormal\" style=\"TEXT-ALIGN: justify; MARGIN: 0cm 0cm 0pt\"><SPAN lang=\"FR\" style=\"mso-ansi-language: FR\"><o:p><FONT color=\"#000000\" size=\"3\" face=\"Times New Roman\">\u00a0<\/FONT><\/o:p><\/SPAN><\/P><br \/>\n<P class=\"MsoNormal\" style=\"TEXT-ALIGN: justify; MARGIN: 0cm 0cm 0pt\"><SPAN lang=\"FR\" style=\"mso-ansi-language: FR\"><FONT size=\"3\"><FONT color=\"#000000\"><FONT face=\"Times New Roman\"><BR>L\u2019offre \u00e9conomique et la documentation devront parvenir au Bureau adjudicateur sous<SPAN style=\"mso-spacerun: yes\">\u00a0 <\/SPAN>pli ferm\u00e9 et scell\u00e9 selon ce qui est indiqu\u00e9 dans les R\u00e8glement de Participation, et avec l\u2019indication de l\u2019exp\u00e9diteur ainsi que la mention suivante\u00a0: <B style=\"mso-bidi-font-weight: normal\"><I style=\"mso-bidi-font-style: normal\">SOUS-TRAITANCE DES SERVICES RELATIFS<SPAN style=\"mso-spacerun: yes\">\u00a0 <\/SPAN>AUX ACTIVITEES<SPAN style=\"mso-spacerun: yes\">\u00a0 <\/SPAN>CONCERNANT LE TRAITEMENT DES DOSSIERS DE VISA POUR L\u2019ITALIE\u00a0\u00bb \u00ab\u00a0 NE PAS OUVRIR\u00a0\u00bb<SPAN style=\"mso-bidi-font-weight: bold\">.<BR><BR><\/SPAN><\/I><\/B><\/FONT><\/FONT><\/FONT><\/SPAN><FONT size=\"3\"><FONT color=\"#000000\"><FONT face=\"Times New Roman\"><B style=\"mso-bidi-font-weight: normal\"><SPAN lang=\"FR\" style=\"mso-ansi-language: FR\">L\u2019ouverture des plis avec les offres<\/SPAN><\/B><SPAN lang=\"FR\" style=\"mso-ansi-language: FR\"> aura lieu le jour 16 mai \u00e0 10.00 heures aupr\u00e8s du Bureau de l\u2019Ambassade d\u2019Italie \u00e0 Alger<BR><BR><\/SPAN><\/FONT><\/FONT><\/FONT><\/P><\/p>\n","protected":false},"excerpt":{"rendered":"Organisme adjudicateur: Ambassade d\u2019Italie aupr\u00e8s de la R\u00e9publique Alg\u00e9rienne D\u00e9mocratique et Populaire Adresse: 18, Rue Ouidir Amellal &#8211; El Biar 16030 &#8211; Alger. Adresse E-mail: visti.algeri@esteri.it Site Internet: www.ambalgeri.esteri.it \u00a0 Prestations requises: cliquer pour t\u00e9l\u00e9charger:&#8211; l\u2019appel d\u2019offre,&#8211; le cahier des charges,\u00a0&#8211; r\u00e8glement de participation,&#8211;\u00a0mod\u00e8le de la demande d\u2019admission.Dur\u00e9e du contrat:\u00a0 trois ansVolume pr\u00e9sum\u00e9: environ 21.000 [&hellip;]","protected":false},"author":1,"featured_media":0,"comment_status":"","ping_status":"","sticky":false,"template":"","format":"standard","meta":{"footnotes":""},"tags":[],"class_list":["post-1218","post","type-post","status-publish","format-standard","hentry"],"_links":{"self":[{"href":"https:\/\/ambalgeri.esteri.it\/fr\/wp-json\/wp\/v2\/posts\/1218","targetHints":{"allow":["GET"]}}],"collection":[{"href":"https:\/\/ambalgeri.esteri.it\/fr\/wp-json\/wp\/v2\/posts"}],"about":[{"href":"https:\/\/ambalgeri.esteri.it\/fr\/wp-json\/wp\/v2\/types\/post"}],"author":[{"embeddable":true,"href":"https:\/\/ambalgeri.esteri.it\/fr\/wp-json\/wp\/v2\/users\/1"}],"replies":[{"embeddable":true,"href":"https:\/\/ambalgeri.esteri.it\/fr\/wp-json\/wp\/v2\/comments?post=1218"}],"version-history":[{"count":0,"href":"https:\/\/ambalgeri.esteri.it\/fr\/wp-json\/wp\/v2\/posts\/1218\/revisions"}],"wp:attachment":[{"href":"https:\/\/ambalgeri.esteri.it\/fr\/wp-json\/wp\/v2\/media?parent=1218"}],"wp:term":[{"taxonomy":"post_tag","embeddable":true,"href":"https:\/\/ambalgeri.esteri.it\/fr\/wp-json\/wp\/v2\/tags?post=1218"}],"curies":[{"name":"wp","href":"https:\/\/api.w.org\/{rel}","templated":true}]}}