{"id":1271,"date":"2023-11-25T14:15:18","date_gmt":"2023-11-25T13:15:18","guid":{"rendered":"https:\/\/ambalgeri.esteri.it\/?p=1271"},"modified":"2023-11-30T10:12:08","modified_gmt":"2023-11-30T09:12:08","slug":"partecipazione-del-ministro-tajani-alla-giornata-internazionale-per-leliminazione-della-violenza-contro-le-donne","status":"publish","type":"post","link":"https:\/\/ambalgeri.esteri.it\/fr\/news\/dall_ambasciata\/2023\/11\/partecipazione-del-ministro-tajani-alla-giornata-internazionale-per-leliminazione-della-violenza-contro-le-donne\/","title":{"rendered":"Participation du Ministre Tajani \u00e0 la Journ\u00e9e internationale pour l&#8217;\u00e9limination de la violence \u00e0 l&#8217;\u00e9gard des femmes"},"content":{"rendered":"<p>La Farnesina se joint \u00e9galement \u00e0 la campagne de sensibilisation des Nations Unies \u00e0 l&#8217;occasion de la Journ\u00e9e internationale pour l&#8217;\u00e9limination de la violence \u00e0 l&#8217;\u00e9gard des femmes. Le samedi 25 novembre, \u00e0 18 heures, le vice-Premier ministre et ministre des Affaires \u00e9trang\u00e8res, M. Antonio Tajani, participera \u00e0 la c\u00e9r\u00e9monie d&#8217;illumination du Palais Farnesina, qui aura lieu sur la place devant le b\u00e2timent.<\/p>\n<p>\u00ab La Farnesina sera color\u00e9e en orange pour donner un signal fort d&#8217;attention et pour r\u00e9it\u00e9rer la ferme condamnation de tout type de violence contre les femmes, un crime haineux qui constitue l&#8217;une des formes de violation des droits humains les plus graves et les plus r\u00e9pandues dans le monde. Chaque heure dans le monde, 5 femmes sont tu\u00e9es dans le cadre domestique, tandis qu&#8217;une femme sur trois est victime de violences physiques ou psychologiques ou d&#8217;abus et d&#8217;exploitation&#8221; a d\u00e9clar\u00e9 Tajani.<\/p>\n<p>\u00ab La violence contre les femmes est un fl\u00e9au qui touche malheureusement aussi notre pays. En tant que vice-Premier ministre et ministre des Affaires \u00e9trang\u00e8res, j&#8217;ai d\u00e9cid\u00e9 de consacrer \u00e0 la m\u00e9moire de Giulia Cecchettin, dont l&#8217;assassinat a choqu\u00e9 le pays, le principal programme de bourses d&#8217;excellence promu par la Farnesina, \u2018Invest Your Talent in Italy\u2019, destin\u00e9 aux meilleurs talents \u00e9trangers, venant de 17 pays cibles et int\u00e9ress\u00e9s \u00e0 \u00e9tudier des disciplines d\u2019ing\u00e9nierie, \u00e9conomiques ou architecturales en Italie. \u2013 a indiqu\u00e9 Tajani.<\/p>\n<p>Sur recommandation du vice-Premier ministre, la Farnesina et son r\u00e9seau \u00e9tranger se joignent \u00e0 la campagne \u201cOrange the World\u201d, qui donne le coup d&#8217;envoi de 16 jours d&#8217;initiatives aux c\u00f4t\u00e9s de la soci\u00e9t\u00e9 civile. La campagne, intitul\u00e9e \u00ab UNITE ! Investir pour pr\u00e9venir la violence \u00e0 l&#8217;\u00e9gard des femmes et des filles \u00bb, se concentre sur la promotion des investissements et des ressources financi\u00e8res d\u00e9di\u00e9s \u00e0 la lutte contre la violence de genre, en fixant un objectif encore plus ambitieux : proclamer une \u00ab Journ\u00e9e orange \u00bb le 25 de chaque mois, comme outil pour renforcer et amener l&#8217;attention constante de l&#8217;opinion publique sur ce sujet.<\/p>\n<p>La condition vuln\u00e9rable des femmes et des filles est aggrav\u00e9e dans les conflits arm\u00e9s, ainsi que dans toute situation d&#8217;urgence, dans laquelle elles sont les plus expos\u00e9es. Face \u00e0 ces donn\u00e9es alarmantes, l&#8217;Italie exprime une fois de plus sa plus ferme condamnation contre toutes les formes de discrimination et de violence \u00e0 l&#8217;\u00e9gard des femmes.<\/p>\n<p>L&#8217;\u00e9limination de la violence \u00e0 l&#8217;\u00e9gard des femmes et le soutien \u00e0 l&#8217;\u00e9mancipation f\u00e9minine font partie des piliers de la politique \u00e9trang\u00e8re italienne et de l&#8217;action de coop\u00e9ration au d\u00e9veloppement. En t\u00e9moignent les nombreuses campagnes internationales, comme celles pour l&#8217;\u00e9radication des mutilations g\u00e9nitales f\u00e9minines et des mariages pr\u00e9coces et forc\u00e9s, qui ont toujours plac\u00e9 l&#8217;Italie \u00e0 l&#8217;avant-garde, ainsi que notre engagement au sein de la Commission des Nations Unies sur la condition de la femme. Toujours dans le cadre de l&#8217;Agenda des Nations Unies \u00ab Femmes, paix et s\u00e9curit\u00e9 \u00bb, l&#8217;Italie est \u00e0 l&#8217;avant-garde de la communaut\u00e9 internationale, tant dans la promotion d&#8217;initiatives visant \u00e0 renforcer le r\u00f4le des femmes dans la pr\u00e9vention et la r\u00e9solution des conflits que dans les situations post-conflit, reconstruction, tous deux \u00e0 travers le Quatri\u00e8me Plan d\u2019action national 2020-2024.<\/p>\n<p>L\u2019Italie participe aux programmes de l\u2019ONUDI visant \u00e0 soutenir les opportunit\u00e9s d\u2019entrepreneuriat f\u00e9minin dans la r\u00e9gion MENA et nous sommes fiers de soutenir le R\u00e9seau des M\u00e9diatrices M\u00e9diterran\u00e9ennes, ainsi que le \u00ab Fonds fiduciaire pour l\u2019\u00e9galit\u00e9 des sexes \u2013 Action financi\u00e8re positive pour les femmes en Afrique (AFAWA) \u00bbde la Banque africaine de d\u00e9veloppement. Les r\u00e9centes lignes directrices de la coop\u00e9ration italienne sur l&#8217;\u00e9galit\u00e9 des sexes et le renforcement des femmes, des filles et des jeunes filles visent \u00e0 intensifier encore notre engagement \u00e0 travers des initiatives sp\u00e9cifiques allant de la sant\u00e9 de la femme, de la m\u00e8re et de l&#8217;enfant, sexuelle et reproductive, au soutien de programmes en faveur de l&#8217;\u00e9ducation des filles et des femmes et des projets pour le d\u00e9veloppement de l\u2019entrepreneuriat f\u00e9minin.<\/p>\n<p>La planification et la mise en \u0153uvre de politiques efficaces au niveau international rev\u00eatent \u00e9galement une importance fondamentale pour la pleine r\u00e9alisation du cinqui\u00e8me objectif de d\u00e9veloppement durable de l&#8217;Agenda 2030, du plan d&#8217;action de l&#8217;UE en faveur des droits de l&#8217;homme et de la d\u00e9mocratie 2020-2024 et de la strat\u00e9gie de l&#8217;UE en mati\u00e8re d&#8217;\u00e9galit\u00e9 des sexes. \u00c9galit\u00e9 2020-2025.<\/p>\n<p>&nbsp;<\/p>\n<p>&nbsp;<\/p>\n","protected":false},"excerpt":{"rendered":"La Farnesina se joint \u00e9galement \u00e0 la campagne de sensibilisation des Nations Unies \u00e0 l&#8217;occasion de la Journ\u00e9e internationale pour l&#8217;\u00e9limination de la violence \u00e0 l&#8217;\u00e9gard des femmes. Le samedi 25 novembre, \u00e0 18 heures, le vice-Premier ministre et ministre des Affaires \u00e9trang\u00e8res, M. Antonio Tajani, participera \u00e0 la c\u00e9r\u00e9monie d&#8217;illumination du Palais Farnesina, qui [&hellip;]","protected":false},"author":4,"featured_media":0,"comment_status":"closed","ping_status":"closed","sticky":false,"template":"","format":"standard","meta":{"footnotes":""},"tags":[],"class_list":["post-1271","post","type-post","status-publish","format-standard","hentry"],"_links":{"self":[{"href":"https:\/\/ambalgeri.esteri.it\/fr\/wp-json\/wp\/v2\/posts\/1271","targetHints":{"allow":["GET"]}}],"collection":[{"href":"https:\/\/ambalgeri.esteri.it\/fr\/wp-json\/wp\/v2\/posts"}],"about":[{"href":"https:\/\/ambalgeri.esteri.it\/fr\/wp-json\/wp\/v2\/types\/post"}],"author":[{"embeddable":true,"href":"https:\/\/ambalgeri.esteri.it\/fr\/wp-json\/wp\/v2\/users\/4"}],"replies":[{"embeddable":true,"href":"https:\/\/ambalgeri.esteri.it\/fr\/wp-json\/wp\/v2\/comments?post=1271"}],"version-history":[{"count":3,"href":"https:\/\/ambalgeri.esteri.it\/fr\/wp-json\/wp\/v2\/posts\/1271\/revisions"}],"predecessor-version":[{"id":1344,"href":"https:\/\/ambalgeri.esteri.it\/fr\/wp-json\/wp\/v2\/posts\/1271\/revisions\/1344"}],"wp:attachment":[{"href":"https:\/\/ambalgeri.esteri.it\/fr\/wp-json\/wp\/v2\/media?parent=1271"}],"wp:term":[{"taxonomy":"post_tag","embeddable":true,"href":"https:\/\/ambalgeri.esteri.it\/fr\/wp-json\/wp\/v2\/tags?post=1271"}],"curies":[{"name":"wp","href":"https:\/\/api.w.org\/{rel}","templated":true}]}}