{"id":1364,"date":"2023-12-07T11:54:26","date_gmt":"2023-12-07T10:54:26","guid":{"rendered":"https:\/\/ambalgeri.esteri.it\/?p=1364"},"modified":"2023-12-07T17:44:42","modified_gmt":"2023-12-07T16:44:42","slug":"algerie-lambassade-ditalie-lance-une-nouvelle-procedure-de-reconnaissance-faciale-pour-faciliter-lacces-aux-rendez-vous-de-demande-de-visa","status":"publish","type":"post","link":"https:\/\/ambalgeri.esteri.it\/fr\/news\/dall_ambasciata\/2023\/12\/algerie-lambassade-ditalie-lance-une-nouvelle-procedure-de-reconnaissance-faciale-pour-faciliter-lacces-aux-rendez-vous-de-demande-de-visa\/","title":{"rendered":"Alg\u00e9rie. L&#8217;Ambassade d&#8217;Italie lance une nouvelle proc\u00e9dure de reconnaissance faciale pour faciliter l&#8217;acc\u00e8s aux rendez-vous de demande de visa."},"content":{"rendered":"<p>Alger, le 07 d\u00e9cembre 2023 &#8211; Dans le cadre des activit\u00e9s de coordination et d&#8217;am\u00e9lioration des services consulaires italiens en Alg\u00e9rie, l&#8217;ambassadeur d&#8217;Italie, Giovanni Pugliese, en pr\u00e9sence des dirigeants de la soci\u00e9t\u00e9 VFS-Global (partenaire en Alg\u00e9rie pour la fourniture de ces services), a inaugur\u00e9 aujourd&#8217;hui une nouvelle m\u00e9thode de prise de rendez-vous pour les demandes de visa Schengen, gr\u00e2ce \u00e0 l&#8217;utilisation d&#8217;une application int\u00e9grant \u00e9galement la reconnaissance faciale.<\/p>\n<p>La nouvelle proc\u00e9dure sera activ\u00e9e dans les prochaines semaines pour demander des rendez-vous pour les visas d&#8217;affaires et de tourisme dans les six centres fixes pr\u00e9sents sur le territoire alg\u00e9rien (Alger, Oran, Constantine, Annaba, Ghardaia et Adrar) et dans l&#8217;unit\u00e9 mobile \u00ab pop-up \u00bb (actuellement op\u00e9rationnel \u00e0 Bejaia). \u00ab Il s&#8217;agit \u00bb comme l&#8217;a soulign\u00e9 l&#8217;ambassadeur Pugliese lors de la c\u00e9r\u00e9monie \u00ab d&#8217;une nouvelle strat\u00e9gie visant \u00e0 garantir, d&#8217;une part, une plus grande s\u00e9curit\u00e9 et transparence tout au long du processus de demande de visa par les utilisateurs r\u00e9sidant en Alg\u00e9rie. D&#8217;autre part, l&#8217;initiative vise \u00e0 emp\u00eacher l&#8217;utilisation par les demandeurs de visa, de services payants propos\u00e9s par des tiers, tels que les cybercaf\u00e9s et les agences de voyages locales&#8221;.<\/p>\n<p>En effet, face \u00e0 une demande de plus en plus croissante de demandes de visa de la part du public alg\u00e9rien pour voyager en Europe, on a assist\u00e9 ces derniers temps \u00e0 une multiplication d&#8217;entit\u00e9s priv\u00e9es qui, \u00e9galement \u00e0 travers l&#8217;utilisation des m\u00e9dias sociaux, se proposent comme interm\u00e9diaires pour prendre rendez-vous moyennant des frais. Ce ph\u00e9nom\u00e8ne a \u00e9galement \u00e9t\u00e9 discut\u00e9 au niveau local dans le contexte europ\u00e9en.<\/p>\n<p>Dans le but de pr\u00e9venir ce ph\u00e9nom\u00e8ne, l&#8217;Ambassade d&#8217;Italie \u00e0 Alger, en accord avec les services comp\u00e9tents du Minist\u00e8re des Affaires Etrang\u00e8res et de la Coop\u00e9ration Internationale, a mandat\u00e9 la soci\u00e9t\u00e9 VFS \u2013 Global pour d\u00e9velopper, pour la premi\u00e8re fois, un nouveau m\u00e9canisme utilisant la \u00ab reconnaissance faciale&#8221; pour garantir une identification plus efficace du demandeur d\u00e8s le d\u00e9but de la proc\u00e9dure. \u00a0Cette derni\u00e8re durera au maximum 20 minutes et consistera \u00e0 prendre une photo du candidat \u00e0 la fin. L&#8217;image, en mode &#8220;selfie&#8221; et enregistr\u00e9e sur un portail d\u00e9di\u00e9 (conform\u00e9ment \u00e0 la l\u00e9gislation europ\u00e9enne sur la vie priv\u00e9e), sera incluse dans le r\u00e9c\u00e9piss\u00e9 de rendez-vous qui sera d\u00e9livr\u00e9 par voie \u00e9lectronique et demand\u00e9 lors de la pr\u00e9sentation du dossier aux Centres VFS &#8211; Global comme preuve d&#8217;inscription.<\/p>\n<p>L&#8217;initiative garantira aux utilisateurs r\u00e9sidant en Alg\u00e9rie une plus grande accessibilit\u00e9 au portail d\u00e9di\u00e9 aux rendez-vous. A cet effet, l&#8217;Ambassade a lanc\u00e9 une intense campagne de communication pour illustrer le nouveau mode de prise de rendez-vous.<\/p>\n","protected":false},"excerpt":{"rendered":"Alger, le 07 d\u00e9cembre 2023 &#8211; Dans le cadre des activit\u00e9s de coordination et d&#8217;am\u00e9lioration des services consulaires italiens en Alg\u00e9rie, l&#8217;ambassadeur d&#8217;Italie, Giovanni Pugliese, en pr\u00e9sence des dirigeants de la soci\u00e9t\u00e9 VFS-Global (partenaire en Alg\u00e9rie pour la fourniture de ces services), a inaugur\u00e9 aujourd&#8217;hui une nouvelle m\u00e9thode de prise de rendez-vous pour les demandes [&hellip;]","protected":false},"author":5,"featured_media":0,"comment_status":"closed","ping_status":"closed","sticky":false,"template":"","format":"standard","meta":{"footnotes":""},"tags":[],"class_list":["post-1364","post","type-post","status-publish","format-standard","hentry"],"_links":{"self":[{"href":"https:\/\/ambalgeri.esteri.it\/fr\/wp-json\/wp\/v2\/posts\/1364","targetHints":{"allow":["GET"]}}],"collection":[{"href":"https:\/\/ambalgeri.esteri.it\/fr\/wp-json\/wp\/v2\/posts"}],"about":[{"href":"https:\/\/ambalgeri.esteri.it\/fr\/wp-json\/wp\/v2\/types\/post"}],"author":[{"embeddable":true,"href":"https:\/\/ambalgeri.esteri.it\/fr\/wp-json\/wp\/v2\/users\/5"}],"replies":[{"embeddable":true,"href":"https:\/\/ambalgeri.esteri.it\/fr\/wp-json\/wp\/v2\/comments?post=1364"}],"version-history":[{"count":1,"href":"https:\/\/ambalgeri.esteri.it\/fr\/wp-json\/wp\/v2\/posts\/1364\/revisions"}],"predecessor-version":[{"id":1367,"href":"https:\/\/ambalgeri.esteri.it\/fr\/wp-json\/wp\/v2\/posts\/1364\/revisions\/1367"}],"wp:attachment":[{"href":"https:\/\/ambalgeri.esteri.it\/fr\/wp-json\/wp\/v2\/media?parent=1364"}],"wp:term":[{"taxonomy":"post_tag","embeddable":true,"href":"https:\/\/ambalgeri.esteri.it\/fr\/wp-json\/wp\/v2\/tags?post=1364"}],"curies":[{"name":"wp","href":"https:\/\/api.w.org\/{rel}","templated":true}]}}