{"id":1382,"date":"2023-12-16T15:30:53","date_gmt":"2023-12-16T14:30:53","guid":{"rendered":"https:\/\/ambalgeri.esteri.it\/?p=1382"},"modified":"2023-12-18T17:04:26","modified_gmt":"2023-12-18T16:04:26","slug":"premio-science-she-says-2024","status":"publish","type":"post","link":"https:\/\/ambalgeri.esteri.it\/fr\/news\/dall_ambasciata\/2023\/12\/premio-science-she-says-2024\/","title":{"rendered":"Prix &#8220;Science, She says 2024!&#8221;"},"content":{"rendered":"<p>Le Minist\u00e8re des Affaires Etrang\u00e8res et de la Coop\u00e9ration Internationale (MAECI) a lanc\u00e9 un processus de collecte et de s\u00e9lection des candidatures dans le cadre de la deuxi\u00e8me \u00e9dition du prix \u201cScience, She Says!\u201d qui vise \u00e0 d\u00e9cerner un prix \u00e0 cinq jeunes chercheuses \u00e9trang\u00e8res de moins de 40 ans issus des zones g\u00e9ographiques suivantes : Europe, <strong>Afrique et Moyen-Orient<\/strong>, Asie et Pacifique, Am\u00e9rique Centrale et du Sud, Am\u00e9rique du Nord s\u00e9lectionn\u00e9es par un jury compos\u00e9 de repr\u00e9sentants des principaux organismes publics de recherche, le Minist\u00e8re de l&#8217;Universit\u00e9 et de la Recherche (MUR) et la Conf\u00e9rence des Recteurs des Universit\u00e9s Italiennes (CRUI) ainsi que le MAECI.<\/p>\n<p>La reconnaissance des laur\u00e9ates sera repr\u00e9sent\u00e9e par l&#8217;invitation \u00e0 participer \u00e0 la prochaine Conf\u00e9rence des Attach\u00e9s Scientifiques et Spatiaux avec frais de d\u00e9placement, de restauration et d&#8217;h\u00e9bergement pris en charge par le MAECI, ainsi que par une m\u00e9daille et un Dipl\u00f4me qui seront d\u00e9cern\u00e9s lors d&#8217;une journ\u00e9e d\u00e9di\u00e9e \u00e0 la c\u00e9r\u00e9monie des r\u00e9compenses.<\/p>\n<p>N&#8217;oubliez pas que les candidatures doivent \u00eatre envoy\u00e9es \u00e0 l&#8217;ambassade d&#8217;Italie \u00e0 Alger \u00e0 l&#8217;adresse e-mail suivante : <a href=\"mailto:commerciale.algeri@esteri.it\">commerciale.algeri@esteri.it<\/a>; au plus tard le 16 janvier 2024.<\/p>\n<p>Documents:<\/p>\n<p><a href=\"https:\/\/ambalgeri.esteri.it\/wp-content\/uploads\/2023\/12\/Premio-Science-She-says-2024.pdf\">Premio Science, She says 2024!.pdf<\/a><\/p>\n<p><a href=\"https:\/\/ambalgeri.esteri.it\/wp-content\/uploads\/2023\/12\/Privacy-form__2024_to_be_signed_by_each_aplicant.pdf\">Privacy form__2024_to_be_signed_by_each_aplicant.pdf<\/a><\/p>\n<p><a href=\"https:\/\/ambalgeri.esteri.it\/wp-content\/uploads\/2023\/12\/Science_She_Says_2024_Award_Nomination_Form.docx\">Science_She_Says_2024_Award_Nomination_Form.docx<\/a><\/p>\n","protected":false},"excerpt":{"rendered":"Le Minist\u00e8re des Affaires Etrang\u00e8res et de la Coop\u00e9ration Internationale (MAECI) a lanc\u00e9 un processus de collecte et de s\u00e9lection des candidatures dans le cadre de la deuxi\u00e8me \u00e9dition du prix \u201cScience, She Says!\u201d qui vise \u00e0 d\u00e9cerner un prix \u00e0 cinq jeunes chercheuses \u00e9trang\u00e8res de moins de 40 ans issus des zones g\u00e9ographiques suivantes [&hellip;]","protected":false},"author":4,"featured_media":0,"comment_status":"closed","ping_status":"closed","sticky":false,"template":"","format":"standard","meta":{"footnotes":""},"tags":[],"class_list":["post-1382","post","type-post","status-publish","format-standard","hentry"],"_links":{"self":[{"href":"https:\/\/ambalgeri.esteri.it\/fr\/wp-json\/wp\/v2\/posts\/1382","targetHints":{"allow":["GET"]}}],"collection":[{"href":"https:\/\/ambalgeri.esteri.it\/fr\/wp-json\/wp\/v2\/posts"}],"about":[{"href":"https:\/\/ambalgeri.esteri.it\/fr\/wp-json\/wp\/v2\/types\/post"}],"author":[{"embeddable":true,"href":"https:\/\/ambalgeri.esteri.it\/fr\/wp-json\/wp\/v2\/users\/4"}],"replies":[{"embeddable":true,"href":"https:\/\/ambalgeri.esteri.it\/fr\/wp-json\/wp\/v2\/comments?post=1382"}],"version-history":[{"count":3,"href":"https:\/\/ambalgeri.esteri.it\/fr\/wp-json\/wp\/v2\/posts\/1382\/revisions"}],"predecessor-version":[{"id":1389,"href":"https:\/\/ambalgeri.esteri.it\/fr\/wp-json\/wp\/v2\/posts\/1382\/revisions\/1389"}],"wp:attachment":[{"href":"https:\/\/ambalgeri.esteri.it\/fr\/wp-json\/wp\/v2\/media?parent=1382"}],"wp:term":[{"taxonomy":"post_tag","embeddable":true,"href":"https:\/\/ambalgeri.esteri.it\/fr\/wp-json\/wp\/v2\/tags?post=1382"}],"curies":[{"name":"wp","href":"https:\/\/api.w.org\/{rel}","templated":true}]}}