{"id":1400,"date":"2023-12-21T10:06:09","date_gmt":"2023-12-21T09:06:09","guid":{"rendered":"https:\/\/ambalgeri.esteri.it\/?p=1400"},"modified":"2023-12-21T10:16:16","modified_gmt":"2023-12-21T09:16:16","slug":"algerie-lambassade-ditalie-lance-une-nouvelle-procedure-de-reconnaissance-faciale-pour-acceder-aux-rendez-vous-de-demande-de-visa","status":"publish","type":"post","link":"https:\/\/ambalgeri.esteri.it\/fr\/news\/dall_ambasciata\/2023\/12\/algerie-lambassade-ditalie-lance-une-nouvelle-procedure-de-reconnaissance-faciale-pour-acceder-aux-rendez-vous-de-demande-de-visa\/","title":{"rendered":"Alg\u00e9rie. L&#8217;Ambassade d&#8217;Italie lance une nouvelle proc\u00e9dure de reconnaissance faciale pour acc\u00e9der aux rendez-vous de demande de visa."},"content":{"rendered":"<p>La nouvelle m\u00e9thode de prise de rendez-vous pour le d\u00e9p\u00f4t d&#8217;une demande de visa en Alg\u00e9rie cr\u00e9\u00e9e par l&#8217;ambassade d&#8217;Italie \u00e0 Alger en collaboration avec la soci\u00e9t\u00e9 VFS Global sera lanc\u00e9e le 3 janvier 2024. D\u00e9couvrez toute l&#8217;actualit\u00e9 et regardez la vid\u00e9o compl\u00e8te pour plus d&#8217;informations.<\/p>\n<p>\u200e\u0628\u064a\u0627\u0646 \u0635\u062d\u0641\u064a \u0641\u064a 3 \u064a\u0646\u0627\u064a\u0631 2024 \u0633\u064a\u062a\u0645 \u0625\u0637\u0644\u0627\u0642 \u0627\u0644\u0637\u0631\u064a\u0642\u0629 \u0627\u0644\u062c\u062f\u064a\u062f\u0629 \u0644\u062d\u062c\u0632 \u0627\u0644\u0645\u0648\u0639\u062f \u0644\u062a\u0642\u062f\u064a\u0645 \u0637\u0644\u0628 \u0627\u0644\u062a\u0623\u0634\u064a\u0631\u0629 \u0641\u064a \u0627\u0644\u062c\u0632\u0627\u0626\u0631 \u0627\u0644\u062a\u064a \u0623\u0646\u0634\u0623\u062a\u0647\u0627 \u0627\u0644\u0633\u0641\u0627\u0631\u0629 \u0627\u0644\u0625\u064a\u0637\u0627\u0644\u064a\u0629 \u0641\u064a \u0627\u0644\u062c\u0632\u0627\u0626\u0631<br \/>\n\u200e\u0628\u0627\u0644\u062a\u0639\u0627\u0648\u0646 \u0645\u0639 \u0634\u0631\u0643\u0629 VFS Global<br \/>\n\u200e\u0627\u0643\u062a\u0634\u0641 \u0643\u0644 \u0627\u0644\u0623\u062e\u0628\u0627\u0631 \u0648\u0634\u0627\u0647\u062f \u0627\u0644\u0641\u064a\u062f\u064a\u0648 \u0627\u0644\u0643\u0627\u0645\u0644 \u0644\u0645\u0632\u064a\u062f \u0645\u0646 \u0627\u0644\u0645\u0639\u0644\u0648\u0645\u0627\u062a.<\/p>\n<p>&nbsp;<\/p>\n<p><iframe loading=\"lazy\" src=\"https:\/\/www.youtube.com\/embed\/HK2XeHIWD84\" width=\"420\" height=\"315\" data-mce-fragment=\"1\"><br \/>\n<span data-mce-type=\"bookmark\" style=\"display: inline-block; width: 0px; overflow: hidden; line-height: 0;\" class=\"mce_SELRES_start\">\ufeff<\/span><\/iframe><\/p>\n","protected":false},"excerpt":{"rendered":"La nouvelle m\u00e9thode de prise de rendez-vous pour le d\u00e9p\u00f4t d&#8217;une demande de visa en Alg\u00e9rie cr\u00e9\u00e9e par l&#8217;ambassade d&#8217;Italie \u00e0 Alger en collaboration avec la soci\u00e9t\u00e9 VFS Global sera lanc\u00e9e le 3 janvier 2024. D\u00e9couvrez toute l&#8217;actualit\u00e9 et regardez la vid\u00e9o compl\u00e8te pour plus d&#8217;informations. \u200e\u0628\u064a\u0627\u0646 \u0635\u062d\u0641\u064a \u0641\u064a 3 \u064a\u0646\u0627\u064a\u0631 2024 \u0633\u064a\u062a\u0645 \u0625\u0637\u0644\u0627\u0642 \u0627\u0644\u0637\u0631\u064a\u0642\u0629 [&hellip;]","protected":false},"author":4,"featured_media":1404,"comment_status":"closed","ping_status":"closed","sticky":false,"template":"","format":"standard","meta":{"footnotes":""},"tags":[],"class_list":["post-1400","post","type-post","status-publish","format-standard","has-post-thumbnail","hentry"],"_links":{"self":[{"href":"https:\/\/ambalgeri.esteri.it\/fr\/wp-json\/wp\/v2\/posts\/1400","targetHints":{"allow":["GET"]}}],"collection":[{"href":"https:\/\/ambalgeri.esteri.it\/fr\/wp-json\/wp\/v2\/posts"}],"about":[{"href":"https:\/\/ambalgeri.esteri.it\/fr\/wp-json\/wp\/v2\/types\/post"}],"author":[{"embeddable":true,"href":"https:\/\/ambalgeri.esteri.it\/fr\/wp-json\/wp\/v2\/users\/4"}],"replies":[{"embeddable":true,"href":"https:\/\/ambalgeri.esteri.it\/fr\/wp-json\/wp\/v2\/comments?post=1400"}],"version-history":[{"count":3,"href":"https:\/\/ambalgeri.esteri.it\/fr\/wp-json\/wp\/v2\/posts\/1400\/revisions"}],"predecessor-version":[{"id":1407,"href":"https:\/\/ambalgeri.esteri.it\/fr\/wp-json\/wp\/v2\/posts\/1400\/revisions\/1407"}],"wp:featuredmedia":[{"embeddable":true,"href":"https:\/\/ambalgeri.esteri.it\/fr\/wp-json\/wp\/v2\/media\/1404"}],"wp:attachment":[{"href":"https:\/\/ambalgeri.esteri.it\/fr\/wp-json\/wp\/v2\/media?parent=1400"}],"wp:term":[{"taxonomy":"post_tag","embeddable":true,"href":"https:\/\/ambalgeri.esteri.it\/fr\/wp-json\/wp\/v2\/tags?post=1400"}],"curies":[{"name":"wp","href":"https:\/\/api.w.org\/{rel}","templated":true}]}}