{"id":874,"date":"2022-03-30T19:35:32","date_gmt":"2022-03-30T17:35:32","guid":{"rendered":"https:\/\/ambalgeri.esteri.it\/news\/dall_ambasciata\/2022\/03\/bando-maeci-2022-per-premi-e-contributi-2\/"},"modified":"2022-03-30T19:35:32","modified_gmt":"2022-03-30T17:35:32","slug":"bando-maeci-2022-per-premi-e-contributi-2","status":"publish","type":"post","link":"https:\/\/ambalgeri.esteri.it\/fr\/news\/dall_ambasciata\/2022\/03\/bando-maeci-2022-per-premi-e-contributi-2\/","title":{"rendered":"Appel MAECI 2022 pour prix et contributions traduction (date limite : 6 mai 2022)"},"content":{"rendered":"<p>Le Minist\u00e8re des Affaires Etrang\u00e8res et de la Coop\u00e9ration Internationale promeut la diffusion des \u0153uvres \u00e9ditoriales et cin\u00e9matographiques italiennes \u00e0 l&#8217;\u00e9tranger par l&#8217;octroi d&#8217;incitations \u00e0 la traduction et au doublage\/sous-titrage, qui repr\u00e9sentent un outil strat\u00e9gique pour la promotion de la langue et de la culture italiennes dans le monde.<\/p>\n<p>Le Minist\u00e8re des Affaires \u00e9trang\u00e8res et de la Coop\u00e9ration internationale accorde deux types d&#8217;incitations financi\u00e8res :<\/p>\n<p><strong>CONTRIBUTIONS<\/strong>:<\/p>\n<p>incitation \u00e0 la traduction dans une langue \u00e9trang\u00e8re et \u00e0 la diffusion par publication (\u00e9galement au format num\u00e9rique de livre \u00e9lectronique) d&#8217;\u0153uvres litt\u00e9raires et scientifiques italiennes, <strong>dont la publication est pr\u00e9vue <span style=\"text-decoration: underline;\">apr\u00e8s le 1er ao\u00fbt 2022 <\/span><\/strong>;<\/p>\n<p>production en langue \u00e9trang\u00e8re, doublage ou sous-titrage de courts m\u00e9trages, longs m\u00e9trages et s\u00e9ries t\u00e9l\u00e9vis\u00e9es \u00e0 r\u00e9aliser apr\u00e8s le 1er ao\u00fbt 2022.<\/p>\n<p><strong>PRIX<\/strong>:<\/p>\n<p>incitation pour les \u0153uvres italiennes (\u00e9galement au format num\u00e9rique de livre \u00e9lectronique), y compris les courts m\u00e9trages et les longs m\u00e9trages et les s\u00e9ries t\u00e9l\u00e9vis\u00e9es destin\u00e9s aux m\u00e9dias, qui ont \u00e9t\u00e9 divulgu\u00e9s, traduits, produits, doubl\u00e9s, sous-titr\u00e9s, \u00e0 une date non ant\u00e9rieure au <strong>1er janvier 2021<\/strong>.<\/p>\n<p>\u00a0<\/p>\n<p><a href=\"https:\/\/www.esteri.it\/wp-content\/uploads\/2022\/03\/2022-Bando-Premi-e-Contributi_Firmato.pdf\">Pour l&#8217;appel cliquez ici<\/a><\/p>\n<p><a href=\"resource\/doc\/2022\/03\/2022_moduli_di_domanda_inglese_e_italiano.docx\">Pour le formulaire de candidature cliquez ici<\/a><\/p>\n<p>\u00a0<\/p>\n<p>Plus d&#8217;information:<\/p>\n<p><a href=\"https:\/\/www.esteri.it\/it\/diplomazia-culturale-e-diplomazia-scientifica\/cultura\/sostegno-alleditoria\/promozionelibroitaliano\/\">https:\/\/www.esteri.it\/it\/diplomazia-culturale-e-diplomazia-scientifica\/cultura\/sostegno-alleditoria\/promozionelibroitaliano\/<\/a><\/p>\n<p><em>Date limite : 6 mai 2022<\/em><\/p>\n","protected":false},"excerpt":{"rendered":"Le Minist\u00e8re des Affaires Etrang\u00e8res et de la Coop\u00e9ration Internationale promeut la diffusion des \u0153uvres \u00e9ditoriales et cin\u00e9matographiques italiennes \u00e0 l&#8217;\u00e9tranger par l&#8217;octroi d&#8217;incitations \u00e0 la traduction et au doublage\/sous-titrage, qui repr\u00e9sentent un outil strat\u00e9gique pour la promotion de la langue et de la culture italiennes dans le monde. Le Minist\u00e8re des Affaires \u00e9trang\u00e8res et [&hellip;]","protected":false},"author":1,"featured_media":0,"comment_status":"","ping_status":"","sticky":false,"template":"","format":"standard","meta":{"footnotes":""},"tags":[],"class_list":["post-874","post","type-post","status-publish","format-standard","hentry"],"_links":{"self":[{"href":"https:\/\/ambalgeri.esteri.it\/fr\/wp-json\/wp\/v2\/posts\/874","targetHints":{"allow":["GET"]}}],"collection":[{"href":"https:\/\/ambalgeri.esteri.it\/fr\/wp-json\/wp\/v2\/posts"}],"about":[{"href":"https:\/\/ambalgeri.esteri.it\/fr\/wp-json\/wp\/v2\/types\/post"}],"author":[{"embeddable":true,"href":"https:\/\/ambalgeri.esteri.it\/fr\/wp-json\/wp\/v2\/users\/1"}],"replies":[{"embeddable":true,"href":"https:\/\/ambalgeri.esteri.it\/fr\/wp-json\/wp\/v2\/comments?post=874"}],"version-history":[{"count":0,"href":"https:\/\/ambalgeri.esteri.it\/fr\/wp-json\/wp\/v2\/posts\/874\/revisions"}],"wp:attachment":[{"href":"https:\/\/ambalgeri.esteri.it\/fr\/wp-json\/wp\/v2\/media?parent=874"}],"wp:term":[{"taxonomy":"post_tag","embeddable":true,"href":"https:\/\/ambalgeri.esteri.it\/fr\/wp-json\/wp\/v2\/tags?post=874"}],"curies":[{"name":"wp","href":"https:\/\/api.w.org\/{rel}","templated":true}]}}