{"id":882,"date":"2022-02-24T09:52:27","date_gmt":"2022-02-24T08:52:27","guid":{"rendered":"https:\/\/ambalgeri.esteri.it\/news\/dall_ambasciata\/2022\/02\/ingressi-in-italia-nuove-misure-2\/"},"modified":"2022-02-24T09:52:27","modified_gmt":"2022-02-24T08:52:27","slug":"ingressi-in-italia-nuove-misure-2","status":"publish","type":"post","link":"https:\/\/ambalgeri.esteri.it\/fr\/news\/dall_ambasciata\/2022\/02\/ingressi-in-italia-nuove-misure-2\/","title":{"rendered":"Entr\u00e9e en Italie. Nouvelles mesures \u00e0 partir du 1er mars 2022 et jusqu&#8217;\u00e0 31 mai 2022"},"content":{"rendered":"<p><span style=\"text-decoration: underline;\"><strong>ATTENTION : \u00e0 partir du 01\/06\/2022, les mesures restrictives indiqu\u00e9es sur cette page NE SONT PLUS en vigueur, car elles n&#8217;ont PAS \u00e9t\u00e9 prolong\u00e9es.<\/strong><\/span><\/p>\n<p>***<\/p>\n<p>L&#8217;Ambassade d&#8217;Italie \u00e0 Alger informe qu&#8217;avec l&#8217;<a href=\"resource\/doc\/2022\/02\/om_22.2.22_def_signed.pdf\">Ordonnance du Ministre de la Sant\u00e9 du 22 f\u00e9vrier 2022<\/a>, de <strong>nouvelles mesures ont \u00e9t\u00e9 adopt\u00e9es relatives aux d\u00e9placements \u00e0 destination et en provenance de l&#8217;Italie<\/strong>.<\/p>\n<p><span style=\"text-decoration: underline;\"><strong>A partir du 1er mars 2022 et jusqu&#8217;au 31 mai 2022<\/strong><\/span>, \u00e0 condition qu&#8217;aucun sympt\u00f4me du Covid-19 ne se manifeste, l&#8217;entr\u00e9e sur le territoire national est autoris\u00e9e aux <strong>conditions suivantes<\/strong> :<\/p>\n<p>Pr\u00e9sentation au transporteur au moment de l&#8217;embarquement et \u00e0 toute personne charg\u00e9e d&#8217;effectuer les contr\u00f4les <strong>d&#8217;une des certifications vertes COVID-19<\/strong>, reconnues \u00e9quivalentes selon les dispositions adopt\u00e9es par le minist\u00e8re de la Sant\u00e9 et dans les termes de dur\u00e9e \u00e9tablis par la r\u00e9glementation europ\u00e9enne en vigueur en la mati\u00e8re.<\/p>\n<p>Nous entendons la <strong>certification verte Covid-19<\/strong> :<\/p>\n<ul>\n<li>le <strong>certificat de vaccination<\/strong> effectu\u00e9 avec un vaccin approuv\u00e9 par l&#8217;Agence europ\u00e9enne des m\u00e9dicaments (EMA) ;<\/li>\n<li>ou <strong>l&#8217;attestation de r\u00e9tablissement<\/strong> ;<\/li>\n<li>ou le <strong>certificat de n\u00e9gativit\u00e9 r\u00e9alis\u00e9 avec une PCR mol\u00e9culaire <\/strong>(r\u00e9alis\u00e9 au plus tard 72 heures avant l&#8217;entr\u00e9e sur le territoire national)\u00a0<strong>ou un test antig\u00e9nique <\/strong>(r\u00e9alis\u00e9 au plus tard 24 heures avant l&#8217;entr\u00e9e sur le territoire national). Cette certification peut \u00eatre pr\u00e9sent\u00e9e sous format num\u00e9rique ou papier.<\/li>\n<\/ul>\n<p>Pour<strong> plus d&#8217;informations sur la certification verte Covid-19<\/strong>, veuillez consulter la FAQ sur le site <a href=\"https:\/\/www.dgc.gov.it\/web\/faq.html\">https:\/\/www.dgc.gov.it\/web\/faq.html<\/a><\/p>\n<p>Uniquement <strong>en cas de non-pr\u00e9sentation de l&#8217;une de ces certifications<\/strong>, la mesure de quarantaine est appliqu\u00e9e \u00e0 l&#8217;adresse indiqu\u00e9e dans le formulaire num\u00e9rique de localisation des passagers, pendant une p\u00e9riode de cinq jours, avec obligation de se soumettre \u00e0 un test mol\u00e9culaire ou antig\u00e9nique, effectu\u00e9 par au moyen d&#8217;un \u00e9couvillon, \u00e0 la fin de ladite p\u00e9riode.<\/p>\n<p>Les mesures indiqu\u00e9es sur <a href=\"..\/Ambasciata_Algeri\/fr\/ambasciata\/news\/dall_ambasciata\/2021\/06\/riapertura-parziale-delle-frontiere.html\">cette page <\/a>restent en vigueur jusqu&#8217;au 28 f\u00e9vrier 2022.<\/p>\n<p><strong>Enfin, il est recommand\u00e9 de toujours consulter le site Web du minist\u00e8re des Affaires \u00e9trang\u00e8res et de la Coop\u00e9ration internationale<\/strong> <a href=\"http:\/\/www.viaggiaresicuri.it\">www.viaggiaresicuri.it<\/a><\/p>\n","protected":false},"excerpt":{"rendered":"ATTENTION : \u00e0 partir du 01\/06\/2022, les mesures restrictives indiqu\u00e9es sur cette page NE SONT PLUS en vigueur, car elles n&#8217;ont PAS \u00e9t\u00e9 prolong\u00e9es. *** L&#8217;Ambassade d&#8217;Italie \u00e0 Alger informe qu&#8217;avec l&#8217;Ordonnance du Ministre de la Sant\u00e9 du 22 f\u00e9vrier 2022, de nouvelles mesures ont \u00e9t\u00e9 adopt\u00e9es relatives aux d\u00e9placements \u00e0 destination et en provenance [&hellip;]","protected":false},"author":1,"featured_media":0,"comment_status":"","ping_status":"","sticky":false,"template":"","format":"standard","meta":{"footnotes":""},"tags":[],"class_list":["post-882","post","type-post","status-publish","format-standard","hentry"],"_links":{"self":[{"href":"https:\/\/ambalgeri.esteri.it\/fr\/wp-json\/wp\/v2\/posts\/882","targetHints":{"allow":["GET"]}}],"collection":[{"href":"https:\/\/ambalgeri.esteri.it\/fr\/wp-json\/wp\/v2\/posts"}],"about":[{"href":"https:\/\/ambalgeri.esteri.it\/fr\/wp-json\/wp\/v2\/types\/post"}],"author":[{"embeddable":true,"href":"https:\/\/ambalgeri.esteri.it\/fr\/wp-json\/wp\/v2\/users\/1"}],"replies":[{"embeddable":true,"href":"https:\/\/ambalgeri.esteri.it\/fr\/wp-json\/wp\/v2\/comments?post=882"}],"version-history":[{"count":0,"href":"https:\/\/ambalgeri.esteri.it\/fr\/wp-json\/wp\/v2\/posts\/882\/revisions"}],"wp:attachment":[{"href":"https:\/\/ambalgeri.esteri.it\/fr\/wp-json\/wp\/v2\/media?parent=882"}],"wp:term":[{"taxonomy":"post_tag","embeddable":true,"href":"https:\/\/ambalgeri.esteri.it\/fr\/wp-json\/wp\/v2\/tags?post=882"}],"curies":[{"name":"wp","href":"https:\/\/api.w.org\/{rel}","templated":true}]}}