{"id":896,"date":"2021-06-30T17:03:07","date_gmt":"2021-06-30T15:03:07","guid":{"rendered":"https:\/\/ambalgeri.esteri.it\/news\/dall_ambasciata\/2021\/06\/partecipazione-dell-ambasciatore_0-2\/"},"modified":"2021-06-30T17:03:07","modified_gmt":"2021-06-30T15:03:07","slug":"partecipazione-dell-ambasciatore_0-2","status":"publish","type":"post","link":"https:\/\/ambalgeri.esteri.it\/fr\/news\/dall_ambasciata\/2021\/06\/partecipazione-dell-ambasciatore_0-2\/","title":{"rendered":"Participation de l&#8217;Ambassadeur d&#8217;Italie Giovanni Pugliese \u00e0 l&#8217;Atelier National sur les proc\u00e9dures judiciaires et la traite des personnes organis\u00e9 \u00e0 Annaba par l&#8217;ONUDC en partenariat avec le Comit\u00e9 national alg\u00e9rien pour la pr\u00e9vention et la lutte contre la traite des personnes"},"content":{"rendered":"<p style=\"text-align: justify;\">L&#8217;ambassadeur d&#8217;Italie \u00e0 Alger, Giovanni Pugliese, a particip\u00e9 aujourd&#8217;hui \u00e0 la conf\u00e9rence nationale sur les proc\u00e9dures judiciaires dans les affaires de traite des personnes organis\u00e9e \u00e0 Annaba par l&#8217;Office des Nations Unies contre la drogue et le crime (ONUDC) en partenariat avec le Comit\u00e9 national alg\u00e9rien pour la pr\u00e9vention et lutte contre la traite des personnes.<\/p>\n<p style=\"text-align: justify;\">L&#8217;initiative vise \u00e0 encourager la formation et l&#8217;\u00e9change d&#8217;exp\u00e9riences de plus d&#8217;une quarantaine de magistrats, policiers et gendarmes alg\u00e9riens en service dans les provinces d&#8217;Annaba, Soukh Ahras et El Tarf. Ce sont trois r\u00e9gions situ\u00e9es dans la zone nord orientale, c\u00f4ti\u00e8re et frontali\u00e8re du pays. La conf\u00e9rence s&#8217;est \u00e9galement tenue gr\u00e2ce \u00e0 une contribution financi\u00e8re du gouvernement italien.<\/p>\n<p style=\"text-align: justify;\">En pr\u00e9sence du Pr\u00e9sident du Comit\u00e9 National Alg\u00e9rien, de repr\u00e9sentants du Minist\u00e8re de la Justice, de la Police, de la Gendarmerie Nationale et des principaux m\u00e9dias nationaux, dans son discours d&#8217;ouverture l&#8217;Ambassadeur Pugliese a soulign\u00e9 combien la lutte contre la traite des \u00eatres humains est une priorit\u00e9 pour l&#8217;Italie, notamment au vu de l&#8217;impact de ce ph\u00e9nom\u00e8ne sur l&#8217;augmentation des flux migratoires irr\u00e9guliers et des liens avec le crime organis\u00e9.<\/p>\n<p style=\"text-align: justify;\">En rappelant le r\u00f4le pionnier de l&#8217;Italie, principalement d\u00fb aux intuitions essentielles de personnalit\u00e9s telles que le juge Giovanni Falcone, l&#8217;Ambassadeur Pugliese a \u00e9galement soulign\u00e9 combien l&#8217;Italie est pleinement engag\u00e9e, y compris dans le cadre de la Convention de Palerme et de son Protocole additionnel sur le trafic illicite de migrants, \u00e0 promouvoir le respect des droits fondamentaux des victimes de la traite des personnes et du trafic de migrants, notamment en ce qui concerne les cat\u00e9gories les plus vuln\u00e9rables telles que les femmes et les mineurs.<\/p>\n<p style=\"text-align: justify;\">S&#8217;adressant en particulier aux magistrats pr\u00e9sents, l&#8217;ambassadeur Pugliese a rappel\u00e9 les d\u00e9clarations faites par la ministre italienne de la Justice Marta Cartabia \u00e0 l&#8217;occasion de la r\u00e9cente Commission sur la pr\u00e9vention du crime et la justice penale tenue \u00e0 Vienne : \u00ab pratiquer la justice signifie \u00e9liminer les causes profondes du crime ; pr\u00e9venir et \u00e9radiquer les racines profondes des crimes et pas seulement \u00e9liminer leurs fruits malades \u00bb.<\/p>\n<p style=\"text-align: justify;\">Dans le cadre de sa mission \u00e0 Annaba, l&#8217;ambassadeur Pugliese a enfin profit\u00e9 pour rencontrer, pour la deuxi\u00e8me fois depuis le d\u00e9but de son mandat en Alg\u00e9rie, le Wali d&#8217;Annaba, avec qui il a discut\u00e9 des opportunit\u00e9s de d\u00e9veloppement d&#8217;une ville tr\u00e8s importante du pays et qui a des liens commerciaux, culturels et humains historiques avec l&#8217;Italie.<\/p>\n","protected":false},"excerpt":{"rendered":"L&#8217;ambassadeur d&#8217;Italie \u00e0 Alger, Giovanni Pugliese, a particip\u00e9 aujourd&#8217;hui \u00e0 la conf\u00e9rence nationale sur les proc\u00e9dures judiciaires dans les affaires de traite des personnes organis\u00e9e \u00e0 Annaba par l&#8217;Office des Nations Unies contre la drogue et le crime (ONUDC) en partenariat avec le Comit\u00e9 national alg\u00e9rien pour la pr\u00e9vention et lutte contre la traite des [&hellip;]","protected":false},"author":1,"featured_media":0,"comment_status":"","ping_status":"","sticky":false,"template":"","format":"standard","meta":{"footnotes":""},"tags":[],"class_list":["post-896","post","type-post","status-publish","format-standard","hentry"],"_links":{"self":[{"href":"https:\/\/ambalgeri.esteri.it\/fr\/wp-json\/wp\/v2\/posts\/896","targetHints":{"allow":["GET"]}}],"collection":[{"href":"https:\/\/ambalgeri.esteri.it\/fr\/wp-json\/wp\/v2\/posts"}],"about":[{"href":"https:\/\/ambalgeri.esteri.it\/fr\/wp-json\/wp\/v2\/types\/post"}],"author":[{"embeddable":true,"href":"https:\/\/ambalgeri.esteri.it\/fr\/wp-json\/wp\/v2\/users\/1"}],"replies":[{"embeddable":true,"href":"https:\/\/ambalgeri.esteri.it\/fr\/wp-json\/wp\/v2\/comments?post=896"}],"version-history":[{"count":0,"href":"https:\/\/ambalgeri.esteri.it\/fr\/wp-json\/wp\/v2\/posts\/896\/revisions"}],"wp:attachment":[{"href":"https:\/\/ambalgeri.esteri.it\/fr\/wp-json\/wp\/v2\/media?parent=896"}],"wp:term":[{"taxonomy":"post_tag","embeddable":true,"href":"https:\/\/ambalgeri.esteri.it\/fr\/wp-json\/wp\/v2\/tags?post=896"}],"curies":[{"name":"wp","href":"https:\/\/api.w.org\/{rel}","templated":true}]}}