{"id":944,"date":"2020-10-20T17:43:35","date_gmt":"2020-10-20T15:43:35","guid":{"rendered":"https:\/\/ambalgeri.esteri.it\/news\/dall_ambasciata\/2020\/10\/aggiornamento-scadenza-dello-youth-2\/"},"modified":"2020-10-20T17:43:35","modified_gmt":"2020-10-20T15:43:35","slug":"aggiornamento-scadenza-dello-youth-2","status":"publish","type":"post","link":"https:\/\/ambalgeri.esteri.it\/fr\/news\/dall_ambasciata\/2020\/10\/aggiornamento-scadenza-dello-youth-2\/","title":{"rendered":"Deuxi\u00e8me \u00e9dition du MED 2020 CONCOURS FORUM JEUNESSE"},"content":{"rendered":"<p style=\"text-align: justify;\">La date limite pour la pr\u00e9sentation des candidatures pour la deuxi\u00e8me \u00e9dition du MED 2020 &#8220;CONCOURS FORUM JEUNESSE&#8221; lanc\u00e9 par<br \/>l\u2019ISPI a \u00e9t\u00e9 prorog\u00e9e au 30 octobre 2020.<\/p>\n<p style=\"text-align: justify;\">L&#8217;Avis d\u2019appel pour la deuxi\u00e8me \u00e9dition du &#8220;CONCOURS FORUM JEUNESSE &#8211; ID\u00c9ES ET PROJET AU TRAVAIL&#8221; lanc\u00e9 par l\u2019ISPI (Institut d&#8217;\u00e9tudes politiques internationales) avec le soutien du Minist\u00e8re des Affaires Etrang\u00e8res et de la Coop\u00e9ration Internationale dans le cadre des &#8221; Rome-Med Dialogues 2020&#8243; est en ligne. L\u2019avis peut \u00eatre consult\u00e9:<\/p>\n<p><a href=\"https:\/\/med.ispionline.it\/youth-forum-contest-2020-ideas-and-project-at-work\/\">https:\/\/med.ispionline.it\/youth-forum-contest-2020-ideas-and-project-at-work\/<\/a><\/p>\n<p>Cette ann\u00e9e, le Concours du Forum Jeunesse prendra en consid\u00e9ration des projets ax\u00e9s sur la recherche<\/p>\n","protected":false},"excerpt":{"rendered":"La date limite pour la pr\u00e9sentation des candidatures pour la deuxi\u00e8me \u00e9dition du MED 2020 &#8220;CONCOURS FORUM JEUNESSE&#8221; lanc\u00e9 parl\u2019ISPI a \u00e9t\u00e9 prorog\u00e9e au 30 octobre 2020. L&#8217;Avis d\u2019appel pour la deuxi\u00e8me \u00e9dition du &#8220;CONCOURS FORUM JEUNESSE &#8211; ID\u00c9ES ET PROJET AU TRAVAIL&#8221; lanc\u00e9 par l\u2019ISPI (Institut d&#8217;\u00e9tudes politiques internationales) avec le soutien du Minist\u00e8re [&hellip;]","protected":false},"author":1,"featured_media":0,"comment_status":"","ping_status":"","sticky":false,"template":"","format":"standard","meta":{"footnotes":""},"tags":[],"class_list":["post-944","post","type-post","status-publish","format-standard","hentry"],"_links":{"self":[{"href":"https:\/\/ambalgeri.esteri.it\/fr\/wp-json\/wp\/v2\/posts\/944","targetHints":{"allow":["GET"]}}],"collection":[{"href":"https:\/\/ambalgeri.esteri.it\/fr\/wp-json\/wp\/v2\/posts"}],"about":[{"href":"https:\/\/ambalgeri.esteri.it\/fr\/wp-json\/wp\/v2\/types\/post"}],"author":[{"embeddable":true,"href":"https:\/\/ambalgeri.esteri.it\/fr\/wp-json\/wp\/v2\/users\/1"}],"replies":[{"embeddable":true,"href":"https:\/\/ambalgeri.esteri.it\/fr\/wp-json\/wp\/v2\/comments?post=944"}],"version-history":[{"count":0,"href":"https:\/\/ambalgeri.esteri.it\/fr\/wp-json\/wp\/v2\/posts\/944\/revisions"}],"wp:attachment":[{"href":"https:\/\/ambalgeri.esteri.it\/fr\/wp-json\/wp\/v2\/media?parent=944"}],"wp:term":[{"taxonomy":"post_tag","embeddable":true,"href":"https:\/\/ambalgeri.esteri.it\/fr\/wp-json\/wp\/v2\/tags?post=944"}],"curies":[{"name":"wp","href":"https:\/\/api.w.org\/{rel}","templated":true}]}}