{"id":976,"date":"2020-03-16T12:23:54","date_gmt":"2020-03-16T11:23:54","guid":{"rendered":"https:\/\/ambalgeri.esteri.it\/news\/dall_ambasciata\/2020\/03\/andra-tutto-bene-lettera-dell-ambasciatore-2\/"},"modified":"2020-03-16T12:23:54","modified_gmt":"2020-03-16T11:23:54","slug":"andra-tutto-bene-lettera-dell-ambasciatore-2","status":"publish","type":"post","link":"https:\/\/ambalgeri.esteri.it\/fr\/news\/dall_ambasciata\/2020\/03\/andra-tutto-bene-lettera-dell-ambasciatore-2\/","title":{"rendered":"&#8220;Tout ira bien&#8221;. Lettre de l&#8217;Ambassadeur Pasquale Ferrara."},"content":{"rendered":"<p>L&#8217;Ambassadeur d&#8217;Italie en Alg\u00e9rie, S.E.M. Pasquale Ferrara, a adress\u00e9 \u00e0 tous les alg\u00e9riens une lettre concernant la crise du coronavirus et les misures adopt\u00e9es par l&#8217;Italie afin de contenir sa diffusion. La lettre a \u00e9t\u00e9 publi\u00e9 le 16 mars 2020 par le quotidien &#8220;<em>El Watan<\/em>&#8220;.<\/p>\n<p>\u00a0<\/p>\n<p><em><strong>&#8220;Tout ira bien&#8221;<\/strong><\/em><\/p>\n<p>Tr\u00e8s chers amis alg\u00e9riens,<\/p>\n<p>l&#8217;Italie s&#8217;est trouv\u00e9e, malgr\u00e9 elle, parmi les premiers pays du monde \u00e0 mener une bataille nouvelle et jusqu\u2019\u00e0 il y a quelques semaines difficile \u00e0 imaginer. C\u2019est toutefois une bataille que nous menons non seulement pour nous, mais pour tout le monde : nous nous trouvons en effet devant une pand\u00e9mie, comme l&#8217;OMS l&#8217;a d\u00e9clar\u00e9 officiellement le 11 mars.<\/p>\n<p>Nous avons fait des choix difficiles mais responsables. Tout d\u2019abord, la transparence maximale : nous n\u2019avons pas minimis\u00e9 ni cach\u00e9 aucune information. Et puis, la rigueur maximale, avec des mesures extr\u00eamement s\u00e9v\u00e8res pour limiter la diffusion du nouveau coronavirus. Le Directeur G\u00e9n\u00e9ral de l\u2019Organisation Mondiale de la Sant\u00e9, Ghebreyesus, a reconnu que l\u2019Italie a fait des pas \u00ab courageux \u00bb et qu\u2019elle est en train d\u2019agir \u00ab \u00e9nergiquement \u00bb pour prot\u00e9ger non seulement elle-m\u00eame, mais le monde entier.<\/p>\n<p>D\u00e9j\u00e0 le 31 janvier, au lendemain de la confirmation des deux premiers cas dans notre pays, le Gouvernement italien a d\u00e9clar\u00e9 l\u2019\u00e9tat d\u2019urgence. Ces deux premiers cas concernaient un couple de touristes \u00e9trangers, imm\u00e9diatement hospitalis\u00e9s en isolement dans un \u00e9tablissement de sant\u00e9 d\u2019excellence absolue, l\u2019Institut Spallanzani de Rome, et d\u00e9clar\u00e9s gu\u00e9ris le 26 f\u00e9vrier.<\/p>\n<p>Le 18 f\u00e9vrier, nous avons d\u00e9couvert cependant que le virus avait commenc\u00e9 \u00e0 se propager dans certaines communes de la Lombardie, dans le nord du pays. L\u2019origine de ce \u00ab foyer \u00bb n\u2019est pas claire, mais malheureusement son ampleur \u00e9tait d\u00e9j\u00e0 assez vaste et il n\u2019a pas \u00e9t\u00e9 possible de le contenir imm\u00e9diatement. Des mesures de plus en plus incisives se sont rendue n\u00e9cessaires. Le 23 f\u00e9vrier, dix commune du nord de l\u2019Italie ont \u00e9t\u00e9 d\u00e9clar\u00e9es \u00ab zone rouge \u00bb et elles ont \u00e9t\u00e9 plac\u00e9es sous contr\u00f4le strict, avec interdiction d\u2019entr\u00e9e et de sortie. A partir du 9 mars et jusqu\u2019au 3 avril, il a \u00e9t\u00e9 impos\u00e9 \u00e0 tous les italiens de ne pas quitter la maison si ce n\u2019est pour se rendre au travail, pour des raisons de sant\u00e9 ou pour des n\u00e9cessit\u00e9s objectives (comme pour les achats de produits alimentaires). Toutes les \u00e9coles et les universit\u00e9s sont ferm\u00e9es, ainsi que, \u00e0 partir du 12 mars, toutes les activit\u00e9s commerciales \u00ab non essentielles \u00bb (\u00e0 l\u2019exception des activit\u00e9s telles que les pharmacies et les supermarch\u00e9s). Toutes les manifestations publiques ont \u00e9t\u00e9 annul\u00e9es, y compris les manifestations religieuses. Les bureaux publics et les usines de production restent ouverts, mais ils observent de nombreuses et pr\u00e9cises pr\u00e9cautions.<\/p>\n<p>Il a \u00e9t\u00e9 exig\u00e9 d\u2019\u00e9viter de voyager aussi bien en Italie que entre l&#8217;Italie et l&#8217;\u00e9tranger. Des contr\u00f4les stricts sont effectu\u00e9s \u00e0 l&#8217;a\u00e9roport, au d\u00e9part comme \u00e0 l&#8217;arriv\u00e9e, par les autorit\u00e9s italiennes et les compagnies a\u00e9riennes sur ceux qui doivent n\u00e9cessairement voyager.<br \/>Nous essayons de limiter les d\u00e9sagr\u00e9ments pour les citoyens alg\u00e9riens : par exemple, ceux qui avaient d\u00e9j\u00e0 un visa d&#8217;entr\u00e9e d\u00e9livr\u00e9 apr\u00e8s le 1er f\u00e9vrier et expirant avant le 30 juin se sont vu proposer de reporter le voyage au second semestre 2020, sans frais suppl\u00e9mentaires et sans avoir \u00e0 demander un nouveau rendez-vous, mais simplement en int\u00e9grant la documentation pr\u00e9sent\u00e9e \u00e0 l&#8217;origine.<\/p>\n<p>Nous sommes convaincus que nous r\u00e9ussirons cette \u00e9preuve la t\u00eate haute. Les Italiens, comme tous les peuples m\u00e9diterran\u00e9ens, sont souvent repr\u00e9sent\u00e9s par ceux qui ont des pr\u00e9jug\u00e9s et nourrissent des st\u00e9r\u00e9otypes, comme d\u00e9sorganis\u00e9s, indisciplin\u00e9s, peu fiables. En r\u00e9alit\u00e9, le peuple italien fait d&#8217;\u00e9normes sacrifices &#8211; sociaux, \u00e9conomiques, humains &#8211; avec une grande maturit\u00e9 au nom du bien commun, et pour prot\u00e9ger les personnes les plus vuln\u00e9rables. Le syst\u00e8me de sant\u00e9 italien est parmi les meilleurs dans le monde: dans toute l&#8217;Italie, il y a plus de 27 mille structures de sant\u00e9 publique (fonctionnant sur la base des principes guides de \u00ab l&#8217;universalit\u00e9, l&#8217;\u00e9quit\u00e9, la solidarit\u00e9 \u00bb), nous sommes \u00e0 la pointe du diagnostic de haute technologie, nous avons l&#8217;un des meilleurs r\u00e9seaux nationaux pour les transplantations d&#8217;organes, et nous sommes le premier fabricant de m\u00e9dicaments de l&#8217;UE. Tous les m\u00e9decins, infirmi\u00e8res et op\u00e9rateurs de sant\u00e9 italiens font preuve de d\u00e9vouement absolu et d\u2019extr\u00eame professionnalisme ces jours-ci. En outre, notre Protection Civile repr\u00e9sente l&#8217;excellence internationale en situation d\u2019urgences.<\/p>\n<p>Chers amis, un jour Aldo Moro, assassin\u00e9 en 1978 par les Brigades rouges, a dit : \u00ab <em>S&#8217;il \u00e9tait possible de dire sautons ce moment et allons directement \u00e0 demain, je pense que nous serions tous d&#8217;accord pour le faire. Mais ce n&#8217;est pas possible. Aujourd&#8217;hui, nous devons vivre, aujourd&#8217;hui c&#8217;est notre responsabilit\u00e9. Il s&#8217;agit d&#8217;\u00eatre courageux et confiant en m\u00eame temps. Il s&#8217;agit de vivre le temps qui nous est donn\u00e9 de vivre avec toutes ses difficult\u00e9s.<\/em> \u00bb.<\/p>\n<p>Si nous surmontons ce d\u00e9fi, ce sera aussi gr\u00e2ce \u00e0 une collaboration internationale. C&#8217;est pr\u00e9cis\u00e9ment en ce moment d&#8217;extr\u00eame difficult\u00e9 que des manifestations fortes et g\u00e9n\u00e9reuses de proximit\u00e9 et d&#8217;amiti\u00e9 de nos fr\u00e8res alg\u00e9riens sont arriv\u00e9es. De la part des autorit\u00e9s, mais aussi de la part de tous les segments de la soci\u00e9t\u00e9: des jeunes qui nous envoient quotidiennement des messages de solidarit\u00e9 aux m\u00e9decins sp\u00e9cialistes qui ont propos\u00e9 d&#8217;aider notre pays. \u00ab <em>Les moments difficiles nous montrent de vrais amis<\/em> \u00bb et l&#8217;Italie ne l&#8217;oubliera pas.<\/p>\n<p>Le Premier Ministre S.E.M. Giuseppe Conte a encourag\u00e9 tous les Italiens par ces mots: \u00ab <em>Nous restons plus \u00e9loign\u00e9s aujourd&#8217;hui pour nous \u00e9treindre demain. Arr\u00eatons-nous aujourd&#8217;hui, pour courir plus vite demain.<\/em> \u00bb Un hashtag devenu tr\u00e8s populaire en Italie dit: \u00ab <em>Tout ira bien<\/em> \u00bb. Nous y croyons et nous travaillons sans rel\u00e2che pour cela.<\/p>\n<p>\u00a0<\/p>\n<p>&#8211; <a href=\"resource\/doc\/2020\/03\/tout_ira_bien_lettera_el_watan_16_marzo_2020.pdf\"><em>&#8220;El Watan&#8221;, 16 mars 2020<\/em><\/a><\/p>\n","protected":false},"excerpt":{"rendered":"L&#8217;Ambassadeur d&#8217;Italie en Alg\u00e9rie, S.E.M. Pasquale Ferrara, a adress\u00e9 \u00e0 tous les alg\u00e9riens une lettre concernant la crise du coronavirus et les misures adopt\u00e9es par l&#8217;Italie afin de contenir sa diffusion. La lettre a \u00e9t\u00e9 publi\u00e9 le 16 mars 2020 par le quotidien &#8220;El Watan&#8220;. \u00a0 &#8220;Tout ira bien&#8221; Tr\u00e8s chers amis alg\u00e9riens, l&#8217;Italie s&#8217;est [&hellip;]","protected":false},"author":1,"featured_media":0,"comment_status":"","ping_status":"","sticky":false,"template":"","format":"standard","meta":{"footnotes":""},"tags":[],"class_list":["post-976","post","type-post","status-publish","format-standard","hentry"],"_links":{"self":[{"href":"https:\/\/ambalgeri.esteri.it\/fr\/wp-json\/wp\/v2\/posts\/976","targetHints":{"allow":["GET"]}}],"collection":[{"href":"https:\/\/ambalgeri.esteri.it\/fr\/wp-json\/wp\/v2\/posts"}],"about":[{"href":"https:\/\/ambalgeri.esteri.it\/fr\/wp-json\/wp\/v2\/types\/post"}],"author":[{"embeddable":true,"href":"https:\/\/ambalgeri.esteri.it\/fr\/wp-json\/wp\/v2\/users\/1"}],"replies":[{"embeddable":true,"href":"https:\/\/ambalgeri.esteri.it\/fr\/wp-json\/wp\/v2\/comments?post=976"}],"version-history":[{"count":0,"href":"https:\/\/ambalgeri.esteri.it\/fr\/wp-json\/wp\/v2\/posts\/976\/revisions"}],"wp:attachment":[{"href":"https:\/\/ambalgeri.esteri.it\/fr\/wp-json\/wp\/v2\/media?parent=976"}],"wp:term":[{"taxonomy":"post_tag","embeddable":true,"href":"https:\/\/ambalgeri.esteri.it\/fr\/wp-json\/wp\/v2\/tags?post=976"}],"curies":[{"name":"wp","href":"https:\/\/api.w.org\/{rel}","templated":true}]}}