{"id":1073,"date":"2018-04-11T20:17:40","date_gmt":"2018-04-11T18:17:40","guid":{"rendered":"https:\/\/ambalgeri.esteri.it\/news\/dall_ambasciata\/2018\/04\/le-message-de-condoleances-que\/"},"modified":"2018-04-11T20:17:40","modified_gmt":"2018-04-11T18:17:40","slug":"le-message-de-condoleances-que","status":"publish","type":"post","link":"https:\/\/ambalgeri.esteri.it\/it\/news\/dall_ambasciata\/2018\/04\/le-message-de-condoleances-que\/","title":{"rendered":"Le message de condol\u00e9ances que le Pr\u00e9sident du Conseil des ministres de la R\u00e9publique italienne Paolo Gentiloni a adress\u00e9 \u00e0 son homologue, le Premier Ministre S.E.M. Ahmed Ouyahia, suite \u00e0 la trag\u00e9die du crash a\u00e9rien survenu \u00e0 Boufarik"},"content":{"rendered":"<p style=\"text-align: justify;\">J\u2019ai appris avec consternation la nouvelle du tragique accident d\u2019avion survenu pr\u00e8s d\u2019Alger aujourd\u2019hui.<\/p>\n<p style=\"text-align: justify;\">En ce moment de profonde tristesse, \u00e0 mon nom et au nom du gouvernement italien, je voudrais adresser les plus sinc\u00e8res condol\u00e9ances a vous, aux familles des victimes et au peuple alg\u00e9rien.<\/p>\n<p style=\"text-align: justify;\">Paolo Gentiloni<\/p>\n","protected":false},"excerpt":{"rendered":"J\u2019ai appris avec consternation la nouvelle du tragique accident d\u2019avion survenu pr\u00e8s d\u2019Alger aujourd\u2019hui. En ce moment de profonde tristesse, \u00e0 mon nom et au nom du gouvernement italien, je voudrais adresser les plus sinc\u00e8res condol\u00e9ances a vous, aux familles des victimes et au peuple alg\u00e9rien. Paolo Gentiloni","protected":false},"author":1,"featured_media":0,"comment_status":"","ping_status":"","sticky":false,"template":"","format":"standard","meta":{"footnotes":""},"tags":[],"class_list":["post-1073","post","type-post","status-publish","format-standard","hentry"],"_links":{"self":[{"href":"https:\/\/ambalgeri.esteri.it\/it\/wp-json\/wp\/v2\/posts\/1073","targetHints":{"allow":["GET"]}}],"collection":[{"href":"https:\/\/ambalgeri.esteri.it\/it\/wp-json\/wp\/v2\/posts"}],"about":[{"href":"https:\/\/ambalgeri.esteri.it\/it\/wp-json\/wp\/v2\/types\/post"}],"author":[{"embeddable":true,"href":"https:\/\/ambalgeri.esteri.it\/it\/wp-json\/wp\/v2\/users\/1"}],"replies":[{"embeddable":true,"href":"https:\/\/ambalgeri.esteri.it\/it\/wp-json\/wp\/v2\/comments?post=1073"}],"version-history":[{"count":0,"href":"https:\/\/ambalgeri.esteri.it\/it\/wp-json\/wp\/v2\/posts\/1073\/revisions"}],"wp:attachment":[{"href":"https:\/\/ambalgeri.esteri.it\/it\/wp-json\/wp\/v2\/media?parent=1073"}],"wp:term":[{"taxonomy":"post_tag","embeddable":true,"href":"https:\/\/ambalgeri.esteri.it\/it\/wp-json\/wp\/v2\/tags?post=1073"}],"curies":[{"name":"wp","href":"https:\/\/api.w.org\/{rel}","templated":true}]}}