{"id":1109,"date":"2017-05-21T11:50:58","date_gmt":"2017-05-21T09:50:58","guid":{"rendered":"https:\/\/ambalgeri.esteri.it\/news\/dall_ambasciata\/2017\/05\/missione-a-costantina-dell-ambasciatore\/"},"modified":"2017-05-21T11:50:58","modified_gmt":"2017-05-21T09:50:58","slug":"missione-a-costantina-dell-ambasciatore","status":"publish","type":"post","link":"https:\/\/ambalgeri.esteri.it\/it\/news\/dall_ambasciata\/2017\/05\/missione-a-costantina-dell-ambasciatore\/","title":{"rendered":"Missione a Costantina dell\u2019Ambasciatore d\u2019Italia (16-17 maggio 2017)"},"content":{"rendered":"<p style=\"text-align: justify;\">L\u2019Ambasciatore d\u2019Italia in Algeria, Pasquale Ferrara, ha effettuato marted\u00ec 16 e mercoled\u00ec 17 maggio una visita di lavoro a Costantina, durante la quale \u00e8 stato ricevuto in udienza dal Wali, Kamel Abb\u00e8s, e ha incontrato il Presidente della Camera di Commercio e dell\u2019Industria e i suoi membri. Egli ha altres\u00ec visitato il centro di esternalizzazione del servizio di gestione appuntamenti, accoglienza, raccolta delle domande e dati biometrici relativi ai visti per l\u2019Italia affidato alla societ\u00e0 \u201cTLS Contact\u201d recentemente aperto a Costantina, con l\u2019obiettivo di facilitare all\u2019utenza algerina in tutto il territorio l\u2019accesso al deposito delle domande di visto.<br \/>Si ricorda che in tutta l\u2019Algeria sono gi\u00e0 attivi quattro altri centri analoghi (Algeri, Orano, Annaba, Adrar).<\/p>\n","protected":false},"excerpt":{"rendered":"L\u2019Ambasciatore d\u2019Italia in Algeria, Pasquale Ferrara, ha effettuato marted\u00ec 16 e mercoled\u00ec 17 maggio una visita di lavoro a Costantina, durante la quale \u00e8 stato ricevuto in udienza dal Wali, Kamel Abb\u00e8s, e ha incontrato il Presidente della Camera di Commercio e dell\u2019Industria e i suoi membri. Egli ha altres\u00ec visitato il centro di esternalizzazione [&hellip;]","protected":false},"author":1,"featured_media":0,"comment_status":"","ping_status":"","sticky":false,"template":"","format":"standard","meta":{"footnotes":""},"tags":[],"class_list":["post-1109","post","type-post","status-publish","format-standard","hentry"],"_links":{"self":[{"href":"https:\/\/ambalgeri.esteri.it\/it\/wp-json\/wp\/v2\/posts\/1109","targetHints":{"allow":["GET"]}}],"collection":[{"href":"https:\/\/ambalgeri.esteri.it\/it\/wp-json\/wp\/v2\/posts"}],"about":[{"href":"https:\/\/ambalgeri.esteri.it\/it\/wp-json\/wp\/v2\/types\/post"}],"author":[{"embeddable":true,"href":"https:\/\/ambalgeri.esteri.it\/it\/wp-json\/wp\/v2\/users\/1"}],"replies":[{"embeddable":true,"href":"https:\/\/ambalgeri.esteri.it\/it\/wp-json\/wp\/v2\/comments?post=1109"}],"version-history":[{"count":0,"href":"https:\/\/ambalgeri.esteri.it\/it\/wp-json\/wp\/v2\/posts\/1109\/revisions"}],"wp:attachment":[{"href":"https:\/\/ambalgeri.esteri.it\/it\/wp-json\/wp\/v2\/media?parent=1109"}],"wp:term":[{"taxonomy":"post_tag","embeddable":true,"href":"https:\/\/ambalgeri.esteri.it\/it\/wp-json\/wp\/v2\/tags?post=1109"}],"curies":[{"name":"wp","href":"https:\/\/api.w.org\/{rel}","templated":true}]}}