{"id":1129,"date":"2016-09-20T15:33:53","date_gmt":"2016-09-20T13:33:53","guid":{"rendered":"https:\/\/ambalgeri.esteri.it\/news\/dall_ambasciata\/2016\/09\/il-primo-ministro-algerino-abdelmalek\/"},"modified":"2016-09-20T15:33:53","modified_gmt":"2016-09-20T13:33:53","slug":"il-primo-ministro-algerino-abdelmalek","status":"publish","type":"post","link":"https:\/\/ambalgeri.esteri.it\/it\/news\/dall_ambasciata\/2016\/09\/il-primo-ministro-algerino-abdelmalek\/","title":{"rendered":"Il Primo Ministro algerino, Abdelmalek Sellal, ha firmato luned\u00ec 19 settembre presso l\u2019Ambasciata d\u2019Italia ad Algeri il libro di condoglianze predisposto in concomitanza con i funerali del Senatore Carlo Azeglio Ciampi, Presidente Emerito della Repubblica."},"content":{"rendered":"<p>Ecco il messaggio che il primo Ministro algerino, Abdelmalek Sellal, ha scritto anche a nome del Presidente della Repubblica, Abdelaziz Bouteflika, nel libro di condoglianze predisposto dall\u2019Ambasciata d\u2019Italia ad Algeri in concomitanza con i funerali del Senatore Carlo Azeglio Ciampi, Presidente Emerito della Repubblica :<\/p>\n<p>\u201cC&#8217;est avec une profonde tristesse et une grande peine que j&#8217;ai appris la nouvelle du d\u00e9c\u00e8s de l&#8217;ancien pr\u00e9sident de la R\u00e9publique italienne, Carlo Azeglio Ciampi.<br \/>Le peuple alg\u00e9rien qui s&#8217;associe \u00e0 la douleur du peuple italien ami, n&#8217;oubliera pas l&#8217;apport ind\u00e9niable du regrett\u00e9 \u00e0 la consolidation et au raffermissement des liens d&#8217;amiti\u00e9 et de coop\u00e9ration entre les peuples alg\u00e9rien et italien.<br \/>Nous nous rem\u00e9morons aussi la visite d&#8217;Etat qu&#8217;a effectu\u00e9e le d\u00e9funt en Alg\u00e9rie en 2003, couronn\u00e9e par la signature du Trait\u00e9 d&#8217;Amiti\u00e9, de Bon Voisinage et de Coop\u00e9ration, unissant les deux pays.<br \/>Avec sa disparition, l&#8217;Italie perd un grand homme de valeur qui par ses comp\u00e9tences et son haut sens de la responsabilit\u00e9, a su se mettre au service de sa patrie, en occupant les plus hautes charges de l&#8217;Etat et gagner la confiance du peuple italien.<br \/>En cette douloureuse circonstance o\u00f9 nous perdons un des symboles de l&#8217;amiti\u00e9 alg\u00e9ro-italienne, je voudrais vous pr\u00e9senter ainsi qu&#8217;\u00e0 la famille du d\u00e9funt, au nom de son Excellence Monsieur le Pr\u00e9sident de la R\u00e9publique, Abdelaziz Bouteflika, du Gouvernement et du peuple alg\u00e9riens et en mon nom personnel, nos condol\u00e9ances les plus attrist\u00e9es et vous exprimer nos sentiments de compassion et de sympathie&#8221;.<\/p>\n","protected":false},"excerpt":{"rendered":"Ecco il messaggio che il primo Ministro algerino, Abdelmalek Sellal, ha scritto anche a nome del Presidente della Repubblica, Abdelaziz Bouteflika, nel libro di condoglianze predisposto dall\u2019Ambasciata d\u2019Italia ad Algeri in concomitanza con i funerali del Senatore Carlo Azeglio Ciampi, Presidente Emerito della Repubblica : \u201cC&#8217;est avec une profonde tristesse et une grande peine que [&hellip;]","protected":false},"author":1,"featured_media":0,"comment_status":"","ping_status":"","sticky":false,"template":"","format":"standard","meta":{"footnotes":""},"tags":[],"class_list":["post-1129","post","type-post","status-publish","format-standard","hentry"],"_links":{"self":[{"href":"https:\/\/ambalgeri.esteri.it\/it\/wp-json\/wp\/v2\/posts\/1129","targetHints":{"allow":["GET"]}}],"collection":[{"href":"https:\/\/ambalgeri.esteri.it\/it\/wp-json\/wp\/v2\/posts"}],"about":[{"href":"https:\/\/ambalgeri.esteri.it\/it\/wp-json\/wp\/v2\/types\/post"}],"author":[{"embeddable":true,"href":"https:\/\/ambalgeri.esteri.it\/it\/wp-json\/wp\/v2\/users\/1"}],"replies":[{"embeddable":true,"href":"https:\/\/ambalgeri.esteri.it\/it\/wp-json\/wp\/v2\/comments?post=1129"}],"version-history":[{"count":0,"href":"https:\/\/ambalgeri.esteri.it\/it\/wp-json\/wp\/v2\/posts\/1129\/revisions"}],"wp:attachment":[{"href":"https:\/\/ambalgeri.esteri.it\/it\/wp-json\/wp\/v2\/media?parent=1129"}],"wp:term":[{"taxonomy":"post_tag","embeddable":true,"href":"https:\/\/ambalgeri.esteri.it\/it\/wp-json\/wp\/v2\/tags?post=1129"}],"curies":[{"name":"wp","href":"https:\/\/api.w.org\/{rel}","templated":true}]}}