{"id":1155,"date":"2013-09-03T13:03:10","date_gmt":"2013-09-03T11:03:10","guid":{"rendered":"https:\/\/ambalgeri.esteri.it\/news\/dall_ambasciata\/2013\/09\/comunicato-stampa-letta\/"},"modified":"2013-09-03T13:03:10","modified_gmt":"2013-09-03T11:03:10","slug":"comunicato-stampa-letta","status":"publish","type":"post","link":"https:\/\/ambalgeri.esteri.it\/it\/news\/dall_ambasciata\/2013\/09\/comunicato-stampa-letta\/","title":{"rendered":"Comunicato stampa del Presidente del Consiglio dei Ministri, Enrico Letta, sulla posizione italiana relativa alle conseguenze dell\u2019uso delle armi chimiche in Siria."},"content":{"rendered":"<p><P align=\"right\">Roma, 28 Agosto 2013<\/P><P align=\"right\">\u00a0<\/P><br \/>\n<P align=\"right\">\u00a0<\/P><br \/>\n<P>Il Presidente del Consiglio, Enrico Letta, ha ricevuto oggi il Vice Presidente del Consiglio, Angelino Alfano, i Ministri degli Affari Esteri, Emma Bonino e della Difesa, Mario Mauro, e il Sottosegretario Marco Minniti, con i quali ha fatto il punto sulla crisi siriana, anche alla luce degli intensi contatti avuti in questi giorni con l\u2019Amministrazione americana e i partner europei ed internazionali. <\/P><br \/>\n<P>\u00a0<\/P><br \/>\n<P>\u00a0<\/P><br \/>\n<P>Nel corso della riunione \u00e8 stata ribadita la posizione espressa ieri in Parlamento. L\u2019Italia, in sintonia con gli orientamenti dei propri Alleati, ribadisce la pi\u00f9 ferma condanna dell\u2019utilizzo di armi chimiche ai danni della popolazione civile siriana quale atto che ripugna la coscienza del popolo italiano e che si configura come crimine contro l\u2019umanit\u00e0. Tale palese violazione del diritto internazionale \u00e8 inaccettabile ed i responsabili dovranno essere sottoposti alla giustizia internazionale. Il Governo conferma il proprio sostegno all\u2019azione degli ispettori delle Nazioni Unite incaricati delle indagini e chiede che la loro attivit\u00e0 possa procedere con la massima libert\u00e0 e celerit\u00e0. <\/P><br \/>\n<P>\u00a0<\/P><br \/>\n<P>\u00a0<\/P><br \/>\n<P>Il conflitto in corso ha gi\u00e0 provocato un numero drammatico di vittime civili e di profughi, che vivono in condizioni insostenibili in Siria e nei Paesi vicini che ospitano centinaia di migliaia di sfollati. Si tratta di un dramma umanitario le cui dimensioni rischiano di compromettere la stabilit\u00e0 di una regione alla quale ci legano rapporti di antica vicinanza e nella quale siamo attivamente impegnati, a partire dalla nostra partecipazione al contingente Unifil in Libano.<\/P><br \/>\n<P>\u00a0<\/P><br \/>\n<P>L\u2019Italia non lesiner\u00e0 i propri sforzi volti a ripristinare la pace, la stabilit\u00e0 ed il dialogo civile e religioso in Siria e nei Paesi della regione. Come preannunciato ieri in Parlamento, il Governo continuer\u00e0 a seguire da vicino gli sviluppi della situazione in stretto raccordo con la Comunit\u00e0 internazionale.<\/P><br \/>\n<P align=\"right\">\u00a0<\/P><br \/>\n<P align=\"right\">\u00a0<\/P><br \/>\n<P align=\"right\">Roma, 31 agosto 2013<\/P><br \/>\n<P align=\"right\">\u00a0<\/P><br \/>\n<P align=\"right\">\u00a0<\/P><br \/>\n<P>Sono momenti difficili per la comunit\u00e0 internazionale. L&#8217;opinione pubblica italiana \u00e8 stata drammaticamente turbata dalle immagini delle vittime dell&#8217;uso di armi chimiche. Dobbiamo fare di tutto perch\u00e9 non accada pi\u00f9. Il regime di Assad possiede arsenali di armi chimiche, il cui uso \u00e8 un crimine contro l&#8217;umanit\u00e0. Comprendiamo l\u2019iniziativa di Stati Uniti e Francia, alla quale per\u00f2, senza le Nazioni Unite, non possiamo partecipare.<\/P><br \/>\n<P>\u00a0<\/P><br \/>\n<P>\u00a0<\/P><br \/>\n<P>La settimana prossima a San Pietroburgo faremo di tutto perch\u00e9 si trovi una soluzione politica al dramma siriano, che ha gi\u00e0 prodotto un numero intollerabile di vittime e di profughi. La rapida convocazione di Ginevra 2 \u00e8 oramai ineludibile.<\/P><br \/>\n<P>\u00a0<\/P><\/p>\n","protected":false},"excerpt":{"rendered":"Roma, 28 Agosto 2013\u00a0 \u00a0 Il Presidente del Consiglio, Enrico Letta, ha ricevuto oggi il Vice Presidente del Consiglio, Angelino Alfano, i Ministri degli Affari Esteri, Emma Bonino e della Difesa, Mario Mauro, e il Sottosegretario Marco Minniti, con i quali ha fatto il punto sulla crisi siriana, anche alla luce degli intensi contatti avuti [&hellip;]","protected":false},"author":1,"featured_media":0,"comment_status":"","ping_status":"","sticky":false,"template":"","format":"standard","meta":{"footnotes":""},"tags":[],"class_list":["post-1155","post","type-post","status-publish","format-standard","hentry"],"_links":{"self":[{"href":"https:\/\/ambalgeri.esteri.it\/it\/wp-json\/wp\/v2\/posts\/1155","targetHints":{"allow":["GET"]}}],"collection":[{"href":"https:\/\/ambalgeri.esteri.it\/it\/wp-json\/wp\/v2\/posts"}],"about":[{"href":"https:\/\/ambalgeri.esteri.it\/it\/wp-json\/wp\/v2\/types\/post"}],"author":[{"embeddable":true,"href":"https:\/\/ambalgeri.esteri.it\/it\/wp-json\/wp\/v2\/users\/1"}],"replies":[{"embeddable":true,"href":"https:\/\/ambalgeri.esteri.it\/it\/wp-json\/wp\/v2\/comments?post=1155"}],"version-history":[{"count":0,"href":"https:\/\/ambalgeri.esteri.it\/it\/wp-json\/wp\/v2\/posts\/1155\/revisions"}],"wp:attachment":[{"href":"https:\/\/ambalgeri.esteri.it\/it\/wp-json\/wp\/v2\/media?parent=1155"}],"wp:term":[{"taxonomy":"post_tag","embeddable":true,"href":"https:\/\/ambalgeri.esteri.it\/it\/wp-json\/wp\/v2\/tags?post=1155"}],"curies":[{"name":"wp","href":"https:\/\/api.w.org\/{rel}","templated":true}]}}