{"id":1208,"date":"2007-04-23T15:47:55","date_gmt":"2007-04-23T13:47:55","guid":{"rendered":"https:\/\/ambalgeri.esteri.it\/news\/dall_ambasciata\/2007\/04\/vivaldi\/"},"modified":"2007-04-23T15:47:55","modified_gmt":"2007-04-23T13:47:55","slug":"vivaldi","status":"publish","type":"post","link":"https:\/\/ambalgeri.esteri.it\/it\/news\/dall_ambasciata\/2007\/04\/vivaldi\/","title":{"rendered":"Annuncio per la ricerca di un professionista."},"content":{"rendered":"<p><P class=\"MsoNormal\" style=\"MARGIN: 0cm 0cm 0pt\"><FONT color=\"#000000\" size=\"3\" face=\"Times New Roman\">Questa\u00a0 Ambasciata sta cercando urgentemente un Architetto o Ingegnere, regolarmente iscritto al proprio ordine di appartenenza, con esperienza almeno decennale nel settore della progettazione edilizia e negli studi di fattibilit\u00e0, al quale affidare l\u2019incarico per lo svolgimento di uno studio di fattibilit\u00e0 per l\u2019adeguamento funzionale ed i lavori di consolidamento e restauro dell\u2019immobile ex sede della Cancelleria Diplomatica dell\u2019Ambasciata d\u2019Italia in Algeri, sito in 18, Rue Mohamed Ouidir Amellal \u2013 El Biar 16030.<BR>Chiunque sia interessato \u00e8 pregato di inviare una manifestazione d\u2019interesse con allegato un Curriculum Vitae che comprovi l\u2019esperienza nel settore richiesto al seguente indirizzo e-mail\u00a0 <A href=\"mailto:amm.algeri@esteri.it\">amm.algeri@esteri.it<\/A>\u00a0 entro le ore 12:00 del 29 marzo 2016.<BR>Il professionista interessato sar\u00e0 contattato dall\u2019Ambasciata per concordare un appuntamento per la visita dell\u2019immobile oggetto dello studio di fattibilit\u00e0, che avr\u00e0 luogo nel periodo dal 3 al 5 aprile. Successivamente a tale sopralluogo, la persona interessata \u00e8 tenuta ad inviare la sua offerta al medesimo indirizzo di posta elettronica suindicato entro e non oltre le ore 12:00 del 17 aprile 2016.<BR>Ambasciata d\u2019Italia Algeri<\/FONT><\/P><\/p>\n","protected":false},"excerpt":{"rendered":"Questa\u00a0 Ambasciata sta cercando urgentemente un Architetto o Ingegnere, regolarmente iscritto al proprio ordine di appartenenza, con esperienza almeno decennale nel settore della progettazione edilizia e negli studi di fattibilit\u00e0, al quale affidare l\u2019incarico per lo svolgimento di uno studio di fattibilit\u00e0 per l\u2019adeguamento funzionale ed i lavori di consolidamento e restauro dell\u2019immobile ex sede [&hellip;]","protected":false},"author":1,"featured_media":0,"comment_status":"","ping_status":"","sticky":false,"template":"","format":"standard","meta":{"footnotes":""},"tags":[],"class_list":["post-1208","post","type-post","status-publish","format-standard","hentry"],"_links":{"self":[{"href":"https:\/\/ambalgeri.esteri.it\/it\/wp-json\/wp\/v2\/posts\/1208","targetHints":{"allow":["GET"]}}],"collection":[{"href":"https:\/\/ambalgeri.esteri.it\/it\/wp-json\/wp\/v2\/posts"}],"about":[{"href":"https:\/\/ambalgeri.esteri.it\/it\/wp-json\/wp\/v2\/types\/post"}],"author":[{"embeddable":true,"href":"https:\/\/ambalgeri.esteri.it\/it\/wp-json\/wp\/v2\/users\/1"}],"replies":[{"embeddable":true,"href":"https:\/\/ambalgeri.esteri.it\/it\/wp-json\/wp\/v2\/comments?post=1208"}],"version-history":[{"count":0,"href":"https:\/\/ambalgeri.esteri.it\/it\/wp-json\/wp\/v2\/posts\/1208\/revisions"}],"wp:attachment":[{"href":"https:\/\/ambalgeri.esteri.it\/it\/wp-json\/wp\/v2\/media?parent=1208"}],"wp:term":[{"taxonomy":"post_tag","embeddable":true,"href":"https:\/\/ambalgeri.esteri.it\/it\/wp-json\/wp\/v2\/tags?post=1208"}],"curies":[{"name":"wp","href":"https:\/\/api.w.org\/{rel}","templated":true}]}}